{"id":6898,"date":"2024-09-10T12:06:15","date_gmt":"2024-09-10T12:06:15","guid":{"rendered":"https:\/\/www.radiscoverytravel.com\/?p=6898"},"modified":"2024-11-08T07:26:29","modified_gmt":"2024-11-08T07:26:29","slug":"comment-profiter-au-maximum-de-la-foire-europeenne-de-strasbourg","status":"publish","type":"post","link":"https:\/\/www.radiscoverytravel.com\/en\/2024\/09\/10\/comment-profiter-au-maximum-de-la-foire-europeenne-de-strasbourg\/","title":{"rendered":"How to Make the Most of the European Fair in Strasbourg"},"content":{"rendered":"<div data-elementor-type=\"wp-post\" data-elementor-id=\"6898\" class=\"elementor elementor-6898\" data-elementor-post-type=\"post\">\n\t\t\t\t<div class=\"elementor-element elementor-element-2c99ea5 e-flex e-con-boxed e-con e-parent\" data-id=\"2c99ea5\" data-element_type=\"container\" data-e-type=\"container\">\n\t\t\t\t\t<div class=\"e-con-inner\">\n\t\t\t\t<div class=\"elementor-element elementor-element-63c4617 elementor-widget elementor-widget-breadcrumbs\" data-id=\"63c4617\" data-element_type=\"widget\" data-e-type=\"widget\" data-widget_type=\"breadcrumbs.default\">\n\t\t\t\t<div class=\"elementor-widget-container\">\n\t\t\t\t\t<p id=\"breadcrumbs\"><span><span><a href=\"https:\/\/www.radiscoverytravel.com\/en\/\">Travel Blog and Travel Planner<\/a><\/span><\/span><\/p>\t\t\t\t<\/div>\n\t\t\t\t<\/div>\n\t\t\t\t<div class=\"elementor-element elementor-element-bb6e64f elementor-widget elementor-widget-image\" data-id=\"bb6e64f\" data-element_type=\"widget\" data-e-type=\"widget\" data-widget_type=\"image.default\">\n\t\t\t\t<div class=\"elementor-widget-container\">\n\t\t\t\t\t\t\t\t\t\t\t\t\t\t\t<img fetchpriority=\"high\" decoding=\"async\" width=\"800\" height=\"615\" src=\"https:\/\/www.radiscoverytravel.com\/wp-content\/uploads\/2024\/09\/20240907_185054-scaled-e1725967031286-1024x787.avif\" class=\"attachment-large size-large wp-image-6900\" alt=\"La Foire Europ\u00e9enne de Strasbourg\" srcset=\"https:\/\/www.radiscoverytravel.com\/wp-content\/uploads\/2024\/09\/20240907_185054-scaled-e1725967031286-1024x787.avif 1024w, https:\/\/www.radiscoverytravel.com\/wp-content\/uploads\/2024\/09\/20240907_185054-scaled-e1725967031286-300x231.avif 300w, https:\/\/www.radiscoverytravel.com\/wp-content\/uploads\/2024\/09\/20240907_185054-scaled-e1725967031286-768x590.avif 768w, https:\/\/www.radiscoverytravel.com\/wp-content\/uploads\/2024\/09\/20240907_185054-scaled-e1725967031286-1536x1181.avif 1536w, https:\/\/www.radiscoverytravel.com\/wp-content\/uploads\/2024\/09\/20240907_185054-scaled-e1725967031286-16x12.avif 16w, https:\/\/www.radiscoverytravel.com\/wp-content\/uploads\/2024\/09\/20240907_185054-scaled-e1725967031286.avif 1920w\" sizes=\"(max-width: 800px) 100vw, 800px\" \/>\t\t\t\t\t\t\t\t\t\t\t\t\t\t\t<\/div>\n\t\t\t\t<\/div>\n\t\t\t\t<div class=\"elementor-element elementor-element-5934d6f elementor-widget elementor-widget-heading\" data-id=\"5934d6f\" data-element_type=\"widget\" data-e-type=\"widget\" id=\"foire1\" data-widget_type=\"heading.default\">\n\t\t\t\t<div class=\"elementor-widget-container\">\n\t\t\t\t\t<h2 class=\"elementor-heading-title elementor-size-default\">How to Make the Most of the European Fair in Strasbourg<\/h2>\t\t\t\t<\/div>\n\t\t\t\t<\/div>\n\t\t\t\t<div class=\"elementor-element elementor-element-b67e823 elementor-widget elementor-widget-text-editor\" data-id=\"b67e823\" data-element_type=\"widget\" data-e-type=\"widget\" data-widget_type=\"text-editor.default\">\n\t\t\t\t<div class=\"elementor-widget-container\">\n\t\t\t\t\t\t\t\t\t<p>Every year in September, <a href=\"https:\/\/www.radiscoverytravel.com\/en\/2024\/09\/20\/decouverte-des-eurovelo-routes-un-excellent-voyage-sportif-depuis-strasbourg\/\" target=\"_blank\" rel=\"noopener\">Strasbourg<\/a> hosts an important event for the people living in the region and elsewhere : <strong>the European Fair<\/strong> of Strasbourg. If you're curious to discover one of Europe's largest commercial events, this article is for you. With over 1,000 exhibitors, the fair attracts more than 200,000 visitors annually. It's a unique event not to miss if you're in the region.Strasbourg hosts a must-see event for locals and visitors from far beyond: the European Fair of Strasbourg. If you're curious to discover one of Europe's largest commercial events, this article is for you. With over 1,000 exhibitors, the fair attracts more than 200,000 visitors annually. It's a unique event not to miss if you're in the region.<\/p>\t\t\t\t\t\t\t\t<\/div>\n\t\t\t\t<\/div>\n\t\t\t\t<div class=\"elementor-element elementor-element-60dc6df elementor-toc--minimized-on-tablet elementor-widget elementor-widget-table-of-contents\" data-id=\"60dc6df\" data-element_type=\"widget\" data-e-type=\"widget\" data-settings=\"{&quot;exclude_headings_by_selector&quot;:&quot;#foire1&quot;,&quot;headings_by_tags&quot;:[&quot;h2&quot;,&quot;h3&quot;,&quot;h4&quot;,&quot;h5&quot;],&quot;no_headings_message&quot;:&quot;Aucun titre n\\u2019a \\u00e9t\\u00e9 trouv\\u00e9 sur cette page.&quot;,&quot;marker_view&quot;:&quot;numbers&quot;,&quot;minimize_box&quot;:&quot;yes&quot;,&quot;minimized_on&quot;:&quot;tablet&quot;,&quot;hierarchical_view&quot;:&quot;yes&quot;,&quot;min_height&quot;:{&quot;unit&quot;:&quot;px&quot;,&quot;size&quot;:&quot;&quot;,&quot;sizes&quot;:[]},&quot;min_height_tablet&quot;:{&quot;unit&quot;:&quot;px&quot;,&quot;size&quot;:&quot;&quot;,&quot;sizes&quot;:[]},&quot;min_height_mobile&quot;:{&quot;unit&quot;:&quot;px&quot;,&quot;size&quot;:&quot;&quot;,&quot;sizes&quot;:[]}}\" data-widget_type=\"table-of-contents.default\">\n\t\t\t\t<div class=\"elementor-widget-container\">\n\t\t\t\t\t\t\t\t\t<div class=\"elementor-toc__header\">\n\t\t\t\t\t\t<h4 class=\"elementor-toc__header-title\">\n\t\t\t\tTable of Contents\t\t\t<\/h4>\n\t\t\t\t\t\t\t\t\t\t<div class=\"elementor-toc__toggle-button elementor-toc__toggle-button--expand\" role=\"button\" tabindex=\"0\" aria-controls=\"elementor-toc__60dc6df\" aria-expanded=\"true\" aria-label=\"Ouvrir la table des mati\u00e8res\"><svg aria-hidden=\"true\" class=\"e-font-icon-svg e-fas-chevron-down\" viewbox=\"0 0 448 512\" xmlns=\"http:\/\/www.w3.org\/2000\/svg\"><path d=\"M207.029 381.476L12.686 187.132c-9.373-9.373-9.373-24.569 0-33.941l22.667-22.667c9.357-9.357 24.522-9.375 33.901-.04L224 284.505l154.745-154.021c9.379-9.335 24.544-9.317 33.901.04l22.667 22.667c9.373 9.373 9.373 24.569 0 33.941L240.971 381.476c-9.373 9.372-24.569 9.372-33.942 0z\"><\/path><\/svg><\/div>\n\t\t\t\t<div class=\"elementor-toc__toggle-button elementor-toc__toggle-button--collapse\" role=\"button\" tabindex=\"0\" aria-controls=\"elementor-toc__60dc6df\" aria-expanded=\"true\" aria-label=\"Fermer la table des mati\u00e8res\"><svg aria-hidden=\"true\" class=\"e-font-icon-svg e-fas-chevron-up\" viewbox=\"0 0 448 512\" xmlns=\"http:\/\/www.w3.org\/2000\/svg\"><path d=\"M240.971 130.524l194.343 194.343c9.373 9.373 9.373 24.569 0 33.941l-22.667 22.667c-9.357 9.357-24.522 9.375-33.901.04L224 227.495 69.255 381.516c-9.379 9.335-24.544 9.317-33.901-.04l-22.667-22.667c-9.373-9.373-9.373-24.569 0-33.941L207.03 130.525c9.372-9.373 24.568-9.373 33.941-.001z\"><\/path><\/svg><\/div>\n\t\t\t\t\t<\/div>\n\t\t\t\t<div id=\"elementor-toc__60dc6df\" class=\"elementor-toc__body\">\n\t\t\t<div class=\"elementor-toc__spinner-container\">\n\t\t\t\t<svg class=\"elementor-toc__spinner eicon-animation-spin e-font-icon-svg e-eicon-loading\" aria-hidden=\"true\" viewbox=\"0 0 1000 1000\" xmlns=\"http:\/\/www.w3.org\/2000\/svg\"><path d=\"M500 975V858C696 858 858 696 858 500S696 142 500 142 142 304 142 500H25C25 237 238 25 500 25S975 237 975 500 763 975 500 975Z\"><\/path><\/svg>\t\t\t<\/div>\n\t\t<\/div>\n\t\t\t\t\t\t<\/div>\n\t\t\t\t<\/div>\n\t\t\t\t<div class=\"elementor-element elementor-element-ea8150a elementor-widget elementor-widget-text-editor\" data-id=\"ea8150a\" data-element_type=\"widget\" data-e-type=\"widget\" data-widget_type=\"text-editor.default\">\n\t\t\t\t<div class=\"elementor-widget-container\">\n\t\t\t\t\t\t\t\t\t<p>To be completely honest, I\u2019ve never really been drawn to this event. In 13 years living in <a href=\"https:\/\/www.radiscoverytravel.com\/en\/mes-services-organisation-voyage-sur-mesure\/travel-planner-balkans\/decouvrez-strasbourg-telechargez-votre-guide-maintenant\/\" target=\"_blank\" rel=\"noopener\">Strasbourg<\/a>, I\u2019ve only visited the fair once. It was in 2013 or 2014, when a friend invited me to spend an afternoon with her. The entrance fee was charged, it was hot, and I quickly felt tired. Needless to say, I don\u2019t have fond memories of that visit.<\/p><p>Despite this, in September 2024, I decided to give it a second chance. And honestly, I enjoyed it a lot more this time. So why the change of heart? Perhaps I've matured\u2026 No, definitely not! I think it\u2019s more because I had the chance to visit the fair in the evening when there were fewer people. The entrance was free, so I didn\u2019t feel like I was spending money for nothing. And let\u2019s be honest, as a 36-year-old apartment owner and adult, I finally understood the appeal of seeing the exhibitors and artisans. So maybe I have matured a little after all.<\/p>\t\t\t\t\t\t\t\t<\/div>\n\t\t\t\t<\/div>\n\t\t\t\t<div class=\"elementor-element elementor-element-4953731 elementor-widget elementor-widget-heading\" data-id=\"4953731\" data-element_type=\"widget\" data-e-type=\"widget\" data-widget_type=\"heading.default\">\n\t\t\t\t<div class=\"elementor-widget-container\">\n\t\t\t\t\t<h2 class=\"elementor-heading-title elementor-size-default\">Where is the European Fair of Strasbourg located?<\/h2>\t\t\t\t<\/div>\n\t\t\t\t<\/div>\n\t\t\t\t<div class=\"elementor-element elementor-element-a7bc443 elementor-widget elementor-widget-text-editor\" data-id=\"a7bc443\" data-element_type=\"widget\" data-e-type=\"widget\" data-widget_type=\"text-editor.default\">\n\t\t\t\t<div class=\"elementor-widget-container\">\n\t\t\t\t\t\t\t\t\t<p>The European Fair is held at the <strong>Exhibition Center<\/strong> of <a href=\"https:\/\/www.radiscoverytravel.com\/en\/2024\/10\/01\/comment-se-deroule-le-craft-beer-festival-de-strasbourg\/\" target=\"_blank\" rel=\"noopener\">Strasbourg<\/a>just a few minutes from the city center. Located in the Wacken district, it's a large, modern space capable of accommodating the thousands of visitors who come every day. If you're arriving by tram, <strong>tram B<\/strong> and <strong>tram E<\/strong> drop you right at the entrance at <strong>Wacken station.<\/strong>For those who prefer to drive, parking is also available nearby. But let's be honest, the best way to get there is by bike.<\/p>\t\t\t\t\t\t\t\t<\/div>\n\t\t\t\t<\/div>\n\t\t\t\t<div class=\"elementor-element elementor-element-29410f4 elementor-widget elementor-widget-google_maps\" data-id=\"29410f4\" data-element_type=\"widget\" data-e-type=\"widget\" data-widget_type=\"google_maps.default\">\n\t\t\t\t<div class=\"elementor-widget-container\">\n\t\t\t\t\t\t\t<div class=\"elementor-custom-embed\">\n\t\t\t<iframe loading=\"lazy\"\n\t\t\t\t\tsrc=\"https:\/\/maps.google.com\/maps?q=parc%20des%20expositions&#038;t=m&#038;z=10&#038;output=embed&#038;iwloc=near\"\n\t\t\t\t\ttitle=\"parc des expositions\"\n\t\t\t\t\taria-label=\"parc des expositions\"\n\t\t\t><\/iframe>\n\t\t<\/div>\n\t\t\t\t\t\t<\/div>\n\t\t\t\t<\/div>\n\t\t\t\t<div class=\"elementor-element elementor-element-67cb7da elementor-widget elementor-widget-text-editor\" data-id=\"67cb7da\" data-element_type=\"widget\" data-e-type=\"widget\" data-widget_type=\"text-editor.default\">\n\t\t\t\t<div class=\"elementor-widget-container\">\n\t\t\t\t\t\t\t\t\t<p>The Exhibition Center is vast and well-organized. The halls are divided into different thematic zones, making the visit easy. You\u2019ll find areas dedicated to home, gastronomy, crafts, innovation, and much more. Each hall has its own identity, and there\u2019s something for everyone.<\/p>\t\t\t\t\t\t\t\t<\/div>\n\t\t\t\t<\/div>\n\t\t\t\t<div class=\"elementor-element elementor-element-01b9da9 elementor-widget elementor-widget-image\" data-id=\"01b9da9\" data-element_type=\"widget\" data-e-type=\"widget\" data-widget_type=\"image.default\">\n\t\t\t\t<div class=\"elementor-widget-container\">\n\t\t\t\t\t\t\t\t\t\t\t\t\t\t\t<img decoding=\"async\" width=\"768\" height=\"576\" src=\"https:\/\/www.radiscoverytravel.com\/wp-content\/uploads\/2024\/09\/20240907_183028-768x576.avif\" class=\"attachment-medium_large size-medium_large wp-image-6902\" alt=\"La foir\u00e9e europ\u00e9enne de Strasbourg\" srcset=\"https:\/\/www.radiscoverytravel.com\/wp-content\/uploads\/2024\/09\/20240907_183028-768x576.avif 768w, https:\/\/www.radiscoverytravel.com\/wp-content\/uploads\/2024\/09\/20240907_183028-300x225.avif 300w, https:\/\/www.radiscoverytravel.com\/wp-content\/uploads\/2024\/09\/20240907_183028-1024x768.avif 1024w, https:\/\/www.radiscoverytravel.com\/wp-content\/uploads\/2024\/09\/20240907_183028-1536x1152.avif 1536w, https:\/\/www.radiscoverytravel.com\/wp-content\/uploads\/2024\/09\/20240907_183028-2048x1536.avif 2048w, https:\/\/www.radiscoverytravel.com\/wp-content\/uploads\/2024\/09\/20240907_183028-16x12.avif 16w\" sizes=\"(max-width: 768px) 100vw, 768px\" \/>\t\t\t\t\t\t\t\t\t\t\t\t\t\t\t<\/div>\n\t\t\t\t<\/div>\n\t\t\t\t<div class=\"elementor-element elementor-element-6131e74 elementor-widget elementor-widget-heading\" data-id=\"6131e74\" data-element_type=\"widget\" data-e-type=\"widget\" data-widget_type=\"heading.default\">\n\t\t\t\t<div class=\"elementor-widget-container\">\n\t\t\t\t\t<h2 class=\"elementor-heading-title elementor-size-default\">A bit of history<\/h2>\t\t\t\t<\/div>\n\t\t\t\t<\/div>\n\t\t\t\t<div class=\"elementor-element elementor-element-29fe49e elementor-widget elementor-widget-text-editor\" data-id=\"29fe49e\" data-element_type=\"widget\" data-e-type=\"widget\" data-widget_type=\"text-editor.default\">\n\t\t\t\t<div class=\"elementor-widget-container\">\n\t\t\t\t\t\t\t\t\t<p>Our <strong>European Fair of Strasbourg<\/strong> was established in 1932, as Europe was trying to recover from post-war economic difficulties. Initially, the fair was a place for local artisans and merchants to meet, but it quickly took on an international dimension. Over the years, the fair has evolved into a true European commercial hub. Today, it's a place of discovery, cultural exchange, and promotion of innovations.<\/p><p>At first, the event focused mainly on local products, but it has since grown to become a showcase for craftsmanship, industry, and innovation. Each year, <strong>an honorary guest country<\/strong> is highlighted, offering visitors a glimpse of the culture, cuisine, and traditions of that nation. This international touch enhances the experience for everyone.<\/p>\t\t\t\t\t\t\t\t<\/div>\n\t\t\t\t<\/div>\n\t\t\t\t<div class=\"elementor-element elementor-element-9b7aea0 elementor-widget elementor-widget-heading\" data-id=\"9b7aea0\" data-element_type=\"widget\" data-e-type=\"widget\" data-widget_type=\"heading.default\">\n\t\t\t\t<div class=\"elementor-widget-container\">\n\t\t\t\t\t<h2 class=\"elementor-heading-title elementor-size-default\">What can you see at the European Fair of Strasbourg?<\/h2>\t\t\t\t<\/div>\n\t\t\t\t<\/div>\n\t\t\t\t<div class=\"elementor-element elementor-element-0c1a2c2 elementor-widget elementor-widget-text-editor\" data-id=\"0c1a2c2\" data-element_type=\"widget\" data-e-type=\"widget\" data-widget_type=\"text-editor.default\">\n\t\t\t\t<div class=\"elementor-widget-container\">\n\t\t\t\t\t\t\t\t\t<p>Our <strong>The European Fair<\/strong> is more than just a commercial event. It\u2019s a unique experience blending <strong><a href=\"https:\/\/www.radiscoverytravel.com\/en\/2024\/03\/01\/cuisine-bulgare\/\" target=\"_blank\" rel=\"noopener\">gastronomy,<\/a>crafts, innovations, <a href=\"https:\/\/www.radiscoverytravel.com\/en\/2024\/04\/05\/festivals-et-folklore-en-bulgarie\/\" target=\"_blank\" rel=\"noopener\">culture,<\/a> and entertainment.<\/strong>Here\u2019s a look at the different sections you can explore<\/p>\t\t\t\t\t\t\t\t<\/div>\n\t\t\t\t<\/div>\n\t\t\t\t<div class=\"elementor-element elementor-element-2840824 elementor-widget elementor-widget-heading\" data-id=\"2840824\" data-element_type=\"widget\" data-e-type=\"widget\" data-widget_type=\"heading.default\">\n\t\t\t\t<div class=\"elementor-widget-container\">\n\t\t\t\t\t<h3 class=\"elementor-heading-title elementor-size-default\">Home and garden stands<\/h3>\t\t\t\t<\/div>\n\t\t\t\t<\/div>\n\t\t\t\t<div class=\"elementor-element elementor-element-e1d1f44 elementor-widget elementor-widget-text-editor\" data-id=\"e1d1f44\" data-element_type=\"widget\" data-e-type=\"widget\" data-widget_type=\"text-editor.default\">\n\t\t\t\t<div class=\"elementor-widget-container\">\n\t\t\t\t\t\t\t\t\t<p>If you have renovation or decorating projects, the European Fair is the perfect place to gather ideas and discover the latest trends in interior design. Whether you're looking for a trendy sofa, a custom kitchen, or ideas for your garden, you're sure to find what you\u2019re looking for. Many local and international exhibitors showcase their products, and live demonstrations allow you to see how certain innovations work.<\/p><p>When I visited the fair with my partner, we mostly looked at saunas. Not because we plan on buying one anytime soon, but because the designs are truly impressive and inspiring.<\/p>\t\t\t\t\t\t\t\t<\/div>\n\t\t\t\t<\/div>\n\t\t\t\t<div class=\"elementor-element elementor-element-6859e95 elementor-widget elementor-widget-gallery\" data-id=\"6859e95\" data-element_type=\"widget\" data-e-type=\"widget\" data-settings=\"{&quot;aspect_ratio&quot;:&quot;4:3&quot;,&quot;overlay_title&quot;:&quot;title&quot;,&quot;overlay_description&quot;:&quot;caption&quot;,&quot;gallery_layout&quot;:&quot;grid&quot;,&quot;columns&quot;:4,&quot;columns_tablet&quot;:2,&quot;columns_mobile&quot;:1,&quot;gap&quot;:{&quot;unit&quot;:&quot;px&quot;,&quot;size&quot;:10,&quot;sizes&quot;:[]},&quot;gap_tablet&quot;:{&quot;unit&quot;:&quot;px&quot;,&quot;size&quot;:10,&quot;sizes&quot;:[]},&quot;gap_mobile&quot;:{&quot;unit&quot;:&quot;px&quot;,&quot;size&quot;:10,&quot;sizes&quot;:[]},&quot;link_to&quot;:&quot;file&quot;,&quot;overlay_background&quot;:&quot;yes&quot;,&quot;content_hover_animation&quot;:&quot;fade-in&quot;}\" data-widget_type=\"gallery.default\">\n\t\t\t\t<div class=\"elementor-widget-container\">\n\t\t\t\t\t\t\t<div class=\"elementor-gallery__container\">\n\t\t\t\t\t\t\t<a class=\"e-gallery-item elementor-gallery-item elementor-animated-content\" href=\"https:\/\/www.radiscoverytravel.com\/wp-content\/uploads\/2024\/09\/20240907_183443-scaled.avif\" data-elementor-open-lightbox=\"yes\" data-elementor-lightbox-slideshow=\"6859e95\" data-elementor-lightbox-title=\"Foire Europ\u00e9enne De Strasbourg\" data-elementor-lightbox-description=\"Foire Europ\u00e9enne De Strasbourg\" data-e-action-hash=\"#elementor-action%3Aaction%3Dlightbox%26settings%3DeyJpZCI6NjkwMywidXJsIjoiaHR0cHM6XC9cL3d3dy5yYWRpc2NvdmVyeXRyYXZlbC5jb21cL3dwLWNvbnRlbnRcL3VwbG9hZHNcLzIwMjRcLzA5XC8yMDI0MDkwN18xODM0NDMtc2NhbGVkLmF2aWYiLCJzbGlkZXNob3ciOiI2ODU5ZTk1In0%3D\">\n\t\t\t\t\t<div class=\"e-gallery-image elementor-gallery-item__image\" data-thumbnail=\"https:\/\/www.radiscoverytravel.com\/wp-content\/uploads\/2024\/09\/20240907_183443-768x1024.avif\" data-width=\"768\" data-height=\"1024\" aria-label=\"Foire Europ\u00e9enne De Strasbourg\" role=\"img\" ><\/div>\n\t\t\t\t\t\t\t\t\t\t\t<div class=\"elementor-gallery-item__overlay\"><\/div>\n\t\t\t\t\t\t\t\t\t\t\t\t\t\t\t<div class=\"elementor-gallery-item__content\">\n\t\t\t\t\t\t\t\t\t\t\t\t\t\t<div class=\"elementor-gallery-item__title\">\n\t\t\t\t\t\t\t\t\t\t\t\t\t\t\t\t\t\tFoire Europ\u00e9enne De Strasbourg\t\t\t\t\t\t\t\t<\/div>\n\t\t\t\t\t\t\t\t\t\t\t\t\t\t\t<div class=\"elementor-gallery-item__description\">\n\t\t\t\t\t\t\t\t\t\t\t\t\t\t\t\t\t\tExposition\t\t\t\t\t\t\t\t<\/div>\n\t\t\t\t\t\t\t\t\t\t\t\t<\/div>\n\t\t\t\t\t\t\t\t\t<\/a>\n\t\t\t\t\t\t\t<a class=\"e-gallery-item elementor-gallery-item elementor-animated-content\" href=\"https:\/\/www.radiscoverytravel.com\/wp-content\/uploads\/2024\/09\/20240907_183656-scaled.avif\" data-elementor-open-lightbox=\"yes\" data-elementor-lightbox-slideshow=\"6859e95\" data-elementor-lightbox-title=\"Exposition Sauna\" data-elementor-lightbox-description=\"Foire Europ\u00e9enne De Strasbourg\" data-e-action-hash=\"#elementor-action%3Aaction%3Dlightbox%26settings%3DeyJpZCI6NjkwNCwidXJsIjoiaHR0cHM6XC9cL3d3dy5yYWRpc2NvdmVyeXRyYXZlbC5jb21cL3dwLWNvbnRlbnRcL3VwbG9hZHNcLzIwMjRcLzA5XC8yMDI0MDkwN18xODM2NTYtc2NhbGVkLmF2aWYiLCJzbGlkZXNob3ciOiI2ODU5ZTk1In0%3D\">\n\t\t\t\t\t<div class=\"e-gallery-image elementor-gallery-item__image\" data-thumbnail=\"https:\/\/www.radiscoverytravel.com\/wp-content\/uploads\/2024\/09\/20240907_183656-768x1024.avif\" data-width=\"768\" data-height=\"1024\" aria-label=\"Foire Europ\u00e9enne De Strasbourg\" role=\"img\" ><\/div>\n\t\t\t\t\t\t\t\t\t\t\t<div class=\"elementor-gallery-item__overlay\"><\/div>\n\t\t\t\t\t\t\t\t\t\t\t\t\t\t\t<div class=\"elementor-gallery-item__content\">\n\t\t\t\t\t\t\t\t\t\t\t\t\t\t<div class=\"elementor-gallery-item__title\">\n\t\t\t\t\t\t\t\t\t\t\t\t\t\t\t\t\t\tExposition Sauna\t\t\t\t\t\t\t\t<\/div>\n\t\t\t\t\t\t\t\t\t\t\t\t\t\t\t<div class=\"elementor-gallery-item__description\">\n\t\t\t\t\t\t\t\t\t\t\t\t\t\t\t\t\t\tSauna\t\t\t\t\t\t\t\t<\/div>\n\t\t\t\t\t\t\t\t\t\t\t\t<\/div>\n\t\t\t\t\t\t\t\t\t<\/a>\n\t\t\t\t\t\t\t<a class=\"e-gallery-item elementor-gallery-item elementor-animated-content\" href=\"https:\/\/www.radiscoverytravel.com\/wp-content\/uploads\/2024\/09\/20240907_183720-scaled.avif\" data-elementor-open-lightbox=\"yes\" data-elementor-lightbox-slideshow=\"6859e95\" data-elementor-lightbox-title=\"Exposition Jacuzzi\" data-elementor-lightbox-description=\"Foire Europ\u00e9enne De Strasbourg\" data-e-action-hash=\"#elementor-action%3Aaction%3Dlightbox%26settings%3DeyJpZCI6NjkwNSwidXJsIjoiaHR0cHM6XC9cL3d3dy5yYWRpc2NvdmVyeXRyYXZlbC5jb21cL3dwLWNvbnRlbnRcL3VwbG9hZHNcLzIwMjRcLzA5XC8yMDI0MDkwN18xODM3MjAtc2NhbGVkLmF2aWYiLCJzbGlkZXNob3ciOiI2ODU5ZTk1In0%3D\">\n\t\t\t\t\t<div class=\"e-gallery-image elementor-gallery-item__image\" data-thumbnail=\"https:\/\/www.radiscoverytravel.com\/wp-content\/uploads\/2024\/09\/20240907_183720-768x576.avif\" data-width=\"768\" data-height=\"576\" aria-label=\"Foire Europ\u00e9enne De Strasbourg\" role=\"img\" ><\/div>\n\t\t\t\t\t\t\t\t\t\t\t<div class=\"elementor-gallery-item__overlay\"><\/div>\n\t\t\t\t\t\t\t\t\t\t\t\t\t\t\t<div class=\"elementor-gallery-item__content\">\n\t\t\t\t\t\t\t\t\t\t\t\t\t\t<div class=\"elementor-gallery-item__title\">\n\t\t\t\t\t\t\t\t\t\t\t\t\t\t\t\t\t\tExposition Jacuzzi\t\t\t\t\t\t\t\t<\/div>\n\t\t\t\t\t\t\t\t\t\t\t\t\t\t\t<div class=\"elementor-gallery-item__description\">\n\t\t\t\t\t\t\t\t\t\t\t\t\t\t\t\t\t\tJacuzzi\t\t\t\t\t\t\t\t<\/div>\n\t\t\t\t\t\t\t\t\t\t\t\t<\/div>\n\t\t\t\t\t\t\t\t\t<\/a>\n\t\t\t\t\t\t\t<a class=\"e-gallery-item elementor-gallery-item elementor-animated-content\" href=\"https:\/\/www.radiscoverytravel.com\/wp-content\/uploads\/2024\/09\/20240907_183908-scaled.avif\" data-elementor-open-lightbox=\"yes\" data-elementor-lightbox-slideshow=\"6859e95\" data-elementor-lightbox-title=\"Exposition logia\" data-elementor-lightbox-description=\"Foire Europ\u00e9enne De Strasbourg\" data-e-action-hash=\"#elementor-action%3Aaction%3Dlightbox%26settings%3DeyJpZCI6NjkwNiwidXJsIjoiaHR0cHM6XC9cL3d3dy5yYWRpc2NvdmVyeXRyYXZlbC5jb21cL3dwLWNvbnRlbnRcL3VwbG9hZHNcLzIwMjRcLzA5XC8yMDI0MDkwN18xODM5MDgtc2NhbGVkLmF2aWYiLCJzbGlkZXNob3ciOiI2ODU5ZTk1In0%3D\">\n\t\t\t\t\t<div class=\"e-gallery-image elementor-gallery-item__image\" data-thumbnail=\"https:\/\/www.radiscoverytravel.com\/wp-content\/uploads\/2024\/09\/20240907_183908-768x1024.avif\" data-width=\"768\" data-height=\"1024\" aria-label=\"Foire Europ\u00e9enne De Strasbourg\" role=\"img\" ><\/div>\n\t\t\t\t\t\t\t\t\t\t\t<div class=\"elementor-gallery-item__overlay\"><\/div>\n\t\t\t\t\t\t\t\t\t\t\t\t\t\t\t<div class=\"elementor-gallery-item__content\">\n\t\t\t\t\t\t\t\t\t\t\t\t\t\t<div class=\"elementor-gallery-item__title\">\n\t\t\t\t\t\t\t\t\t\t\t\t\t\t\t\t\t\tExposition logia\t\t\t\t\t\t\t\t<\/div>\n\t\t\t\t\t\t\t\t\t\t\t\t\t\t\t<div class=\"elementor-gallery-item__description\">\n\t\t\t\t\t\t\t\t\t\t\t\t\t\t\t\t\t\tPetite maison en bois\t\t\t\t\t\t\t\t<\/div>\n\t\t\t\t\t\t\t\t\t\t\t\t<\/div>\n\t\t\t\t\t\t\t\t\t<\/a>\n\t\t\t\t\t<\/div>\n\t\t\t\t\t<\/div>\n\t\t\t\t<\/div>\n\t\t\t\t<div class=\"elementor-element elementor-element-8bdc851 elementor-widget elementor-widget-heading\" data-id=\"8bdc851\" data-element_type=\"widget\" data-e-type=\"widget\" data-widget_type=\"heading.default\">\n\t\t\t\t<div class=\"elementor-widget-container\">\n\t\t\t\t\t<h3 class=\"elementor-heading-title elementor-size-default\">Innovations and technologies<\/h3>\t\t\t\t<\/div>\n\t\t\t\t<\/div>\n\t\t\t\t<div class=\"elementor-element elementor-element-ca2d199 elementor-widget elementor-widget-text-editor\" data-id=\"ca2d199\" data-element_type=\"widget\" data-e-type=\"widget\" data-widget_type=\"text-editor.default\">\n\t\t\t\t<div class=\"elementor-widget-container\">\n\t\t\t\t\t\t\t\t\t<p>Our <strong>The European Fair<\/strong> also highlights the latest innovations. Domestic robots, connected objects, renewable energy solutions\u2014anything related to technology finds its place here. You can attend demonstrations, meet experts, and even participate in workshops to learn how certain technologies can improve your daily life.<\/p><p>There\u2019s also a strong focus on eco-responsibility, with solutions to reduce your carbon footprint and adopt a more environmentally friendly lifestyle.<\/p>\t\t\t\t\t\t\t\t<\/div>\n\t\t\t\t<\/div>\n\t\t\t\t<div class=\"elementor-element elementor-element-78e8c01 elementor-widget elementor-widget-heading\" data-id=\"78e8c01\" data-element_type=\"widget\" data-e-type=\"widget\" data-widget_type=\"heading.default\">\n\t\t\t\t<div class=\"elementor-widget-container\">\n\t\t\t\t\t<h3 class=\"elementor-heading-title elementor-size-default\">Crafts and culture<\/h3>\t\t\t\t<\/div>\n\t\t\t\t<\/div>\n\t\t\t\t<div class=\"elementor-element elementor-element-8bf67cc elementor-widget elementor-widget-text-editor\" data-id=\"8bf67cc\" data-element_type=\"widget\" data-e-type=\"widget\" data-widget_type=\"text-editor.default\">\n\t\t\t\t<div class=\"elementor-widget-container\">\n\t\t\t\t\t\t\t\t\t<p>Craftsmanship holds a prominent place at the fair. You\u2019ll find handmade items, textiles, jewelry, pottery, woodwork, and much more. It\u2019s the perfect spot to find unique pieces and support local artisans. Exhibitors often bring their tools and demonstrate their craft live, giving you the chance to watch a potter shape his work or a knife maker sharpen his creations.<\/p><p>Alongside this, cultural exhibitions and events are organized each year. Concerts, artistic demonstrations, and dance performances are all planned to entertain visitors and provide a well-rounded experience.<\/p>\t\t\t\t\t\t\t\t<\/div>\n\t\t\t\t<\/div>\n\t\t\t\t<div class=\"elementor-element elementor-element-bee447d elementor-widget elementor-widget-heading\" data-id=\"bee447d\" data-element_type=\"widget\" data-e-type=\"widget\" data-widget_type=\"heading.default\">\n\t\t\t\t<div class=\"elementor-widget-container\">\n\t\t\t\t\t<h3 class=\"elementor-heading-title elementor-size-default\">Gastronomy at the European Fair of Strasbourg<\/h3>\t\t\t\t<\/div>\n\t\t\t\t<\/div>\n\t\t\t\t<div class=\"elementor-element elementor-element-9489942 elementor-widget elementor-widget-text-editor\" data-id=\"9489942\" data-element_type=\"widget\" data-e-type=\"widget\" data-widget_type=\"text-editor.default\">\n\t\t\t\t<div class=\"elementor-widget-container\">\n\t\t\t\t\t\t\t\t\t<p>The food pavilions are undoubtedly the most popular. You can discover local products as well as taste specialties from around the world. Cheeses, wines, charcuterie, pastries\u2014it\u2019s hard to resist all these temptations. For those who love fine dining, it\u2019s a great opportunity to pick up ideas and bring home exceptional products.<\/p><p>Depending on the guest country, you\u2019ll also have the chance to try exotic dishes and discover new flavors. It\u2019s a true culinary journey without <a href=\"https:\/\/www.radiscoverytravel.com\/en\/2024\/07\/12\/blues-de-fin-de-voyage\/\" target=\"_blank\" rel=\"noopener\">leaving<\/a> <a href=\"https:\/\/www.radiscoverytravel.com\/en\/2024\/11\/08\/devenir-benevole-au-feffs\/\" target=\"_blank\" rel=\"noopener\">Strasbourg<\/a>.<\/p>\t\t\t\t\t\t\t\t<\/div>\n\t\t\t\t<\/div>\n\t\t\t\t<div class=\"elementor-element elementor-element-3a80670 elementor-widget elementor-widget-gallery\" data-id=\"3a80670\" data-element_type=\"widget\" data-e-type=\"widget\" data-settings=\"{&quot;aspect_ratio&quot;:&quot;4:3&quot;,&quot;overlay_title&quot;:&quot;title&quot;,&quot;overlay_description&quot;:&quot;caption&quot;,&quot;lazyload&quot;:&quot;yes&quot;,&quot;gallery_layout&quot;:&quot;grid&quot;,&quot;columns&quot;:4,&quot;columns_tablet&quot;:2,&quot;columns_mobile&quot;:1,&quot;gap&quot;:{&quot;unit&quot;:&quot;px&quot;,&quot;size&quot;:10,&quot;sizes&quot;:[]},&quot;gap_tablet&quot;:{&quot;unit&quot;:&quot;px&quot;,&quot;size&quot;:10,&quot;sizes&quot;:[]},&quot;gap_mobile&quot;:{&quot;unit&quot;:&quot;px&quot;,&quot;size&quot;:10,&quot;sizes&quot;:[]},&quot;link_to&quot;:&quot;file&quot;,&quot;overlay_background&quot;:&quot;yes&quot;,&quot;content_hover_animation&quot;:&quot;fade-in&quot;}\" data-widget_type=\"gallery.default\">\n\t\t\t\t<div class=\"elementor-widget-container\">\n\t\t\t\t\t\t\t<div class=\"elementor-gallery__container\">\n\t\t\t\t\t\t\t<a class=\"e-gallery-item elementor-gallery-item elementor-animated-content\" href=\"https:\/\/www.radiscoverytravel.com\/wp-content\/uploads\/2024\/09\/20240907_184249-scaled.avif\" data-elementor-open-lightbox=\"yes\" data-elementor-lightbox-slideshow=\"3a80670\" data-elementor-lightbox-title=\"Fruits et l\u00e9gumes\" data-e-action-hash=\"#elementor-action%3Aaction%3Dlightbox%26settings%3DeyJpZCI6NjkwNywidXJsIjoiaHR0cHM6XC9cL3d3dy5yYWRpc2NvdmVyeXRyYXZlbC5jb21cL3dwLWNvbnRlbnRcL3VwbG9hZHNcLzIwMjRcLzA5XC8yMDI0MDkwN18xODQyNDktc2NhbGVkLmF2aWYiLCJzbGlkZXNob3ciOiIzYTgwNjcwIn0%3D\">\n\t\t\t\t\t<div class=\"e-gallery-image elementor-gallery-item__image\" data-thumbnail=\"https:\/\/www.radiscoverytravel.com\/wp-content\/uploads\/2024\/09\/20240907_184249-768x1024.avif\" data-width=\"768\" data-height=\"1024\" aria-label=\"European Fair of Strasbourg\" role=\"img\" ><\/div>\n\t\t\t\t\t\t\t\t\t\t\t<div class=\"elementor-gallery-item__overlay\"><\/div>\n\t\t\t\t\t\t\t\t\t\t\t\t\t\t\t<div class=\"elementor-gallery-item__content\">\n\t\t\t\t\t\t\t\t\t\t\t\t\t\t<div class=\"elementor-gallery-item__title\">\n\t\t\t\t\t\t\t\t\t\t\t\t\t\t\t\t\t\tFruits et l\u00e9gumes\t\t\t\t\t\t\t\t<\/div>\n\t\t\t\t\t\t\t\t\t\t\t\t\t\t\t<div class=\"elementor-gallery-item__description\">\n\t\t\t\t\t\t\t\t\t\t\t\t\t\t\t\t\t\tMade in Alsace\t\t\t\t\t\t\t\t<\/div>\n\t\t\t\t\t\t\t\t\t\t\t\t<\/div>\n\t\t\t\t\t\t\t\t\t<\/a>\n\t\t\t\t\t\t\t<a class=\"e-gallery-item elementor-gallery-item elementor-animated-content\" href=\"https:\/\/www.radiscoverytravel.com\/wp-content\/uploads\/2024\/09\/20240907_184702-scaled.avif\" data-elementor-open-lightbox=\"yes\" data-elementor-lightbox-slideshow=\"3a80670\" data-elementor-lightbox-title=\"Souvenirs traditionnels\" data-elementor-lightbox-description=\"Foire Europ\u00e9enne de Strasbourg\" data-e-action-hash=\"#elementor-action%3Aaction%3Dlightbox%26settings%3DeyJpZCI6NjkwOCwidXJsIjoiaHR0cHM6XC9cL3d3dy5yYWRpc2NvdmVyeXRyYXZlbC5jb21cL3dwLWNvbnRlbnRcL3VwbG9hZHNcLzIwMjRcLzA5XC8yMDI0MDkwN18xODQ3MDItc2NhbGVkLmF2aWYiLCJzbGlkZXNob3ciOiIzYTgwNjcwIn0%3D\">\n\t\t\t\t\t<div class=\"e-gallery-image elementor-gallery-item__image\" data-thumbnail=\"https:\/\/www.radiscoverytravel.com\/wp-content\/uploads\/2024\/09\/20240907_184702-768x1024.avif\" data-width=\"768\" data-height=\"1024\" aria-label=\"European Fair of Strasbourg\" role=\"img\" ><\/div>\n\t\t\t\t\t\t\t\t\t\t\t<div class=\"elementor-gallery-item__overlay\"><\/div>\n\t\t\t\t\t\t\t\t\t\t\t\t\t\t\t<div class=\"elementor-gallery-item__content\">\n\t\t\t\t\t\t\t\t\t\t\t\t\t\t<div class=\"elementor-gallery-item__title\">\n\t\t\t\t\t\t\t\t\t\t\t\t\t\t\t\t\t\tSouvenirs traditionnels\t\t\t\t\t\t\t\t<\/div>\n\t\t\t\t\t\t\t\t\t\t\t\t\t\t\t<div class=\"elementor-gallery-item__description\">\n\t\t\t\t\t\t\t\t\t\t\t\t\t\t\t\t\t\tThe European Fair\t\t\t\t\t\t\t\t<\/div>\n\t\t\t\t\t\t\t\t\t\t\t\t<\/div>\n\t\t\t\t\t\t\t\t\t<\/a>\n\t\t\t\t\t\t\t<a class=\"e-gallery-item elementor-gallery-item elementor-animated-content\" href=\"https:\/\/www.radiscoverytravel.com\/wp-content\/uploads\/2024\/09\/20240907_190051-scaled.avif\" data-elementor-open-lightbox=\"yes\" data-elementor-lightbox-slideshow=\"3a80670\" data-elementor-lightbox-title=\"Se restaurer sur place\" data-elementor-lightbox-description=\"Foire Europ\u00e9enne de Strasbourg\" data-e-action-hash=\"#elementor-action%3Aaction%3Dlightbox%26settings%3DeyJpZCI6NjkwOSwidXJsIjoiaHR0cHM6XC9cL3d3dy5yYWRpc2NvdmVyeXRyYXZlbC5jb21cL3dwLWNvbnRlbnRcL3VwbG9hZHNcLzIwMjRcLzA5XC8yMDI0MDkwN18xOTAwNTEtc2NhbGVkLmF2aWYiLCJzbGlkZXNob3ciOiIzYTgwNjcwIn0%3D\">\n\t\t\t\t\t<div class=\"e-gallery-image elementor-gallery-item__image\" data-thumbnail=\"https:\/\/www.radiscoverytravel.com\/wp-content\/uploads\/2024\/09\/20240907_190051-768x576.avif\" data-width=\"768\" data-height=\"576\" aria-label=\"European Fair of Strasbourg\" role=\"img\" ><\/div>\n\t\t\t\t\t\t\t\t\t\t\t<div class=\"elementor-gallery-item__overlay\"><\/div>\n\t\t\t\t\t\t\t\t\t\t\t\t\t\t\t<div class=\"elementor-gallery-item__content\">\n\t\t\t\t\t\t\t\t\t\t\t\t\t\t<div class=\"elementor-gallery-item__title\">\n\t\t\t\t\t\t\t\t\t\t\t\t\t\t\t\t\t\tSe restaurer sur place\t\t\t\t\t\t\t\t<\/div>\n\t\t\t\t\t\t\t\t\t\t\t\t\t\t\t<div class=\"elementor-gallery-item__description\">\n\t\t\t\t\t\t\t\t\t\t\t\t\t\t\t\t\t\t\u00e0 la Foire\t\t\t\t\t\t\t\t<\/div>\n\t\t\t\t\t\t\t\t\t\t\t\t<\/div>\n\t\t\t\t\t\t\t\t\t<\/a>\n\t\t\t\t\t\t\t<a class=\"e-gallery-item elementor-gallery-item elementor-animated-content\" href=\"https:\/\/www.radiscoverytravel.com\/wp-content\/uploads\/2024\/09\/20240907_190410-scaled.avif\" data-elementor-open-lightbox=\"yes\" data-elementor-lightbox-slideshow=\"3a80670\" data-elementor-lightbox-title=\"Nougats\" data-elementor-lightbox-description=\"Foire Europ\u00e9enne de Strasbourg\" data-e-action-hash=\"#elementor-action%3Aaction%3Dlightbox%26settings%3DeyJpZCI6NjkxMCwidXJsIjoiaHR0cHM6XC9cL3d3dy5yYWRpc2NvdmVyeXRyYXZlbC5jb21cL3dwLWNvbnRlbnRcL3VwbG9hZHNcLzIwMjRcLzA5XC8yMDI0MDkwN18xOTA0MTAtc2NhbGVkLmF2aWYiLCJzbGlkZXNob3ciOiIzYTgwNjcwIn0%3D\">\n\t\t\t\t\t<div class=\"e-gallery-image elementor-gallery-item__image\" data-thumbnail=\"https:\/\/www.radiscoverytravel.com\/wp-content\/uploads\/2024\/09\/20240907_190410-768x1024.avif\" data-width=\"768\" data-height=\"1024\" aria-label=\"European Fair of Strasbourg\" role=\"img\" ><\/div>\n\t\t\t\t\t\t\t\t\t\t\t<div class=\"elementor-gallery-item__overlay\"><\/div>\n\t\t\t\t\t\t\t\t\t\t\t\t\t\t\t<div class=\"elementor-gallery-item__content\">\n\t\t\t\t\t\t\t\t\t\t\t\t\t\t<div class=\"elementor-gallery-item__title\">\n\t\t\t\t\t\t\t\t\t\t\t\t\t\t\t\t\t\tNougats\t\t\t\t\t\t\t\t<\/div>\n\t\t\t\t\t\t\t\t\t\t\t\t\t\t\t<div class=\"elementor-gallery-item__description\">\n\t\t\t\t\t\t\t\t\t\t\t\t\t\t\t\t\t\tMade in France\t\t\t\t\t\t\t\t<\/div>\n\t\t\t\t\t\t\t\t\t\t\t\t<\/div>\n\t\t\t\t\t\t\t\t\t<\/a>\n\t\t\t\t\t<\/div>\n\t\t\t\t\t<\/div>\n\t\t\t\t<\/div>\n\t\t\t\t<div class=\"elementor-element elementor-element-34033a2 elementor-widget elementor-widget-heading\" data-id=\"34033a2\" data-element_type=\"widget\" data-e-type=\"widget\" data-widget_type=\"heading.default\">\n\t\t\t\t<div class=\"elementor-widget-container\">\n\t\t\t\t\t<h3 class=\"elementor-heading-title elementor-size-default\">Leisure and activities for children<\/h3>\t\t\t\t<\/div>\n\t\t\t\t<\/div>\n\t\t\t\t<div class=\"elementor-element elementor-element-37abf7b elementor-widget elementor-widget-text-editor\" data-id=\"37abf7b\" data-element_type=\"widget\" data-e-type=\"widget\" data-widget_type=\"text-editor.default\">\n\t\t\t\t<div class=\"elementor-widget-container\">\n\t\t\t\t\t\t\t\t\t<p>The European Fair of Strasbourg also caters to children. A special area is dedicated to them, with creative workshops, inflatable games, magic shows, and more. While parents explore the stands, children can have fun in a safe and age-appropriate environment. Some years, mascots or famous characters even visit, much to the delight of the younger crowd.<\/p><p>Personally, I don\u2019t have kids, but I\u2019m young at heart. And I have several friends who are parents who confirm that their children love exploring the fair, sometimes even more than the adults.<\/p>\t\t\t\t\t\t\t\t<\/div>\n\t\t\t\t<\/div>\n\t\t\t\t<div class=\"elementor-element elementor-element-abb88be elementor-widget elementor-widget-heading\" data-id=\"abb88be\" data-element_type=\"widget\" data-e-type=\"widget\" data-widget_type=\"heading.default\">\n\t\t\t\t<div class=\"elementor-widget-container\">\n\t\t\t\t\t<h3 class=\"elementor-heading-title elementor-size-default\">The guest of honor country<\/h3>\t\t\t\t<\/div>\n\t\t\t\t<\/div>\n\t\t\t\t<div class=\"elementor-element elementor-element-11db492 elementor-widget elementor-widget-text-editor\" data-id=\"11db492\" data-element_type=\"widget\" data-e-type=\"widget\" data-widget_type=\"text-editor.default\">\n\t\t\t\t<div class=\"elementor-widget-container\">\n\t\t\t\t\t\t\t\t\t<p>Every year, the <strong>European Fair of Strasbourg<\/strong> the European Fair of Strasbourg honors a different country. This pavilion offers an immersive experience into the culture, cuisine, and traditions of the guest nation. It\u2019s an opportunity to learn more about a country and <a href=\"https:\/\/www.radiscoverytravel.com\/en\/2024\/09\/06\/voyager-eco-responsable-comment-reduire-son-empreinte-carbone-en-vacances\/\" target=\"_blank\" rel=\"noopener\">travel<\/a>without leaving <a href=\"https:\/\/www.radiscoverytravel.com\/en\/2024\/04\/11\/redecouvrir-sa-ville-touriste-chez-soi\/\" target=\"_blank\" rel=\"noopener\">Strasbourg<\/a>This pavilion is usually one of the most popular, and for good reason: the decoration and atmosphere are truly immersive.<\/p><p>You can taste typical dishes, attend traditional performances, and even buy artisanal products you won\u2019t find anywhere else. It\u2019s a real favorite for travel and culture enthusiasts.<\/p>\t\t\t\t\t\t\t\t<\/div>\n\t\t\t\t<\/div>\n\t\t\t\t<div class=\"elementor-element elementor-element-1375d78 elementor-widget elementor-widget-heading\" data-id=\"1375d78\" data-element_type=\"widget\" data-e-type=\"widget\" data-widget_type=\"heading.default\">\n\t\t\t\t<div class=\"elementor-widget-container\">\n\t\t\t\t\t<h2 class=\"elementor-heading-title elementor-size-default\">Why visit the European Fair?<\/h2>\t\t\t\t<\/div>\n\t\t\t\t<\/div>\n\t\t\t\t<div class=\"elementor-element elementor-element-cacb9ab elementor-widget elementor-widget-text-editor\" data-id=\"cacb9ab\" data-element_type=\"widget\" data-e-type=\"widget\" data-widget_type=\"text-editor.default\">\n\t\t\t\t<div class=\"elementor-widget-container\">\n\t\t\t\t\t\t\t\t\t<p>The European Fair is more than just a commercial event. It\u2019s an <strong>immersive experience,<\/strong>a meeting place for professionals, enthusiasts, and the curious. Here are a few reasons why you shouldn\u2019t miss this event:<\/p><ul><li><strong>Discover the latest trends<\/strong> in home, garden, decor, and technology.<\/li><li><strong>Taste culinary specialties from around the world<\/strong> and take home exceptional products.<\/li><li><strong>Meet local and international artisans<\/strong> and purchase unique items.<\/li><li><strong>Attend demonstrations and workshops<\/strong> to learn and get inspired.<\/li><li><strong>Enjoy a great time with family,<\/strong> thanks to the numerous activities for both children and adults.<\/li><\/ul>\t\t\t\t\t\t\t\t<\/div>\n\t\t\t\t<\/div>\n\t\t\t\t<div class=\"elementor-element elementor-element-0d1da83 elementor-widget elementor-widget-gallery\" data-id=\"0d1da83\" data-element_type=\"widget\" data-e-type=\"widget\" data-settings=\"{&quot;aspect_ratio&quot;:&quot;4:3&quot;,&quot;overlay_title&quot;:&quot;title&quot;,&quot;overlay_description&quot;:&quot;caption&quot;,&quot;lazyload&quot;:&quot;yes&quot;,&quot;gallery_layout&quot;:&quot;grid&quot;,&quot;columns&quot;:4,&quot;columns_tablet&quot;:2,&quot;columns_mobile&quot;:1,&quot;gap&quot;:{&quot;unit&quot;:&quot;px&quot;,&quot;size&quot;:10,&quot;sizes&quot;:[]},&quot;gap_tablet&quot;:{&quot;unit&quot;:&quot;px&quot;,&quot;size&quot;:10,&quot;sizes&quot;:[]},&quot;gap_mobile&quot;:{&quot;unit&quot;:&quot;px&quot;,&quot;size&quot;:10,&quot;sizes&quot;:[]},&quot;link_to&quot;:&quot;file&quot;,&quot;overlay_background&quot;:&quot;yes&quot;,&quot;content_hover_animation&quot;:&quot;fade-in&quot;}\" data-widget_type=\"gallery.default\">\n\t\t\t\t<div class=\"elementor-widget-container\">\n\t\t\t\t\t\t\t<div class=\"elementor-gallery__container\">\n\t\t\t\t\t\t\t<a class=\"e-gallery-item elementor-gallery-item elementor-animated-content\" href=\"https:\/\/www.radiscoverytravel.com\/wp-content\/uploads\/2024\/09\/20240907_183016-scaled.avif\" data-elementor-open-lightbox=\"yes\" data-elementor-lightbox-slideshow=\"0d1da83\" data-elementor-lightbox-title=\"Camion pompiers\" data-e-action-hash=\"#elementor-action%3Aaction%3Dlightbox%26settings%3DeyJpZCI6NjkxMSwidXJsIjoiaHR0cHM6XC9cL3d3dy5yYWRpc2NvdmVyeXRyYXZlbC5jb21cL3dwLWNvbnRlbnRcL3VwbG9hZHNcLzIwMjRcLzA5XC8yMDI0MDkwN18xODMwMTYtc2NhbGVkLmF2aWYiLCJzbGlkZXNob3ciOiIwZDFkYTgzIn0%3D\">\n\t\t\t\t\t<div class=\"e-gallery-image elementor-gallery-item__image\" data-thumbnail=\"https:\/\/www.radiscoverytravel.com\/wp-content\/uploads\/2024\/09\/20240907_183016-768x1024.avif\" data-width=\"768\" data-height=\"1024\" aria-label=\"Foire Europ\u00e9enne De Strasbourg\" role=\"img\" ><\/div>\n\t\t\t\t\t\t\t\t\t\t\t<div class=\"elementor-gallery-item__overlay\"><\/div>\n\t\t\t\t\t\t\t\t\t\t\t\t\t\t\t<div class=\"elementor-gallery-item__content\">\n\t\t\t\t\t\t\t\t\t\t\t\t\t\t<div class=\"elementor-gallery-item__title\">\n\t\t\t\t\t\t\t\t\t\t\t\t\t\t\t\t\t\tCamion pompiers\t\t\t\t\t\t\t\t<\/div>\n\t\t\t\t\t\t\t\t\t\t\t\t\t\t\t<div class=\"elementor-gallery-item__description\">\n\t\t\t\t\t\t\t\t\t\t\t\t\t\t\t\t\t\tVisiter la foire avec des enfants\t\t\t\t\t\t\t\t<\/div>\n\t\t\t\t\t\t\t\t\t\t\t\t<\/div>\n\t\t\t\t\t\t\t\t\t<\/a>\n\t\t\t\t\t\t\t<a class=\"e-gallery-item elementor-gallery-item elementor-animated-content\" href=\"https:\/\/www.radiscoverytravel.com\/wp-content\/uploads\/2024\/09\/20240907_183450-scaled.avif\" data-elementor-open-lightbox=\"yes\" data-elementor-lightbox-slideshow=\"0d1da83\" data-elementor-lightbox-title=\"Cath\u00e9drale de Strasbourg en l\u00e9go\" data-elementor-lightbox-description=\"Visiter la foire avec des enfants\" data-e-action-hash=\"#elementor-action%3Aaction%3Dlightbox%26settings%3DeyJpZCI6NjkxMiwidXJsIjoiaHR0cHM6XC9cL3d3dy5yYWRpc2NvdmVyeXRyYXZlbC5jb21cL3dwLWNvbnRlbnRcL3VwbG9hZHNcLzIwMjRcLzA5XC8yMDI0MDkwN18xODM0NTAtc2NhbGVkLmF2aWYiLCJzbGlkZXNob3ciOiIwZDFkYTgzIn0%3D\">\n\t\t\t\t\t<div class=\"e-gallery-image elementor-gallery-item__image\" data-thumbnail=\"https:\/\/www.radiscoverytravel.com\/wp-content\/uploads\/2024\/09\/20240907_183450-768x1024.avif\" data-width=\"768\" data-height=\"1024\" aria-label=\"Foire Europ\u00e9enne De Strasbourg\" role=\"img\" ><\/div>\n\t\t\t\t\t\t\t\t\t\t\t<div class=\"elementor-gallery-item__overlay\"><\/div>\n\t\t\t\t\t\t\t\t\t\t\t\t\t\t\t<div class=\"elementor-gallery-item__content\">\n\t\t\t\t\t\t\t\t\t\t\t\t\t\t<div class=\"elementor-gallery-item__title\">\n\t\t\t\t\t\t\t\t\t\t\t\t\t\t\t\t\t\tCath\u00e9drale de Strasbourg en l\u00e9go\t\t\t\t\t\t\t\t<\/div>\n\t\t\t\t\t\t\t\t\t\t\t\t\t\t\t<div class=\"elementor-gallery-item__description\">\n\t\t\t\t\t\t\t\t\t\t\t\t\t\t\t\t\t\tVisiter la foire avec des enfants\t\t\t\t\t\t\t\t<\/div>\n\t\t\t\t\t\t\t\t\t\t\t\t<\/div>\n\t\t\t\t\t\t\t\t\t<\/a>\n\t\t\t\t\t\t\t<a class=\"e-gallery-item elementor-gallery-item elementor-animated-content\" href=\"https:\/\/www.radiscoverytravel.com\/wp-content\/uploads\/2024\/09\/20240907_184330-scaled.avif\" data-elementor-open-lightbox=\"yes\" data-elementor-lightbox-slideshow=\"0d1da83\" data-elementor-lightbox-title=\"Exposants artisans\" data-elementor-lightbox-description=\"Visiter la foire avec des enfants\" data-e-action-hash=\"#elementor-action%3Aaction%3Dlightbox%26settings%3DeyJpZCI6NjkxMywidXJsIjoiaHR0cHM6XC9cL3d3dy5yYWRpc2NvdmVyeXRyYXZlbC5jb21cL3dwLWNvbnRlbnRcL3VwbG9hZHNcLzIwMjRcLzA5XC8yMDI0MDkwN18xODQzMzAtc2NhbGVkLmF2aWYiLCJzbGlkZXNob3ciOiIwZDFkYTgzIn0%3D\">\n\t\t\t\t\t<div class=\"e-gallery-image elementor-gallery-item__image\" data-thumbnail=\"https:\/\/www.radiscoverytravel.com\/wp-content\/uploads\/2024\/09\/20240907_184330-768x1024.avif\" data-width=\"768\" data-height=\"1024\" aria-label=\"Foire Europ\u00e9enne De Strasbourg\" role=\"img\" ><\/div>\n\t\t\t\t\t\t\t\t\t\t\t<div class=\"elementor-gallery-item__overlay\"><\/div>\n\t\t\t\t\t\t\t\t\t\t\t\t\t\t\t<div class=\"elementor-gallery-item__content\">\n\t\t\t\t\t\t\t\t\t\t\t\t\t\t<div class=\"elementor-gallery-item__title\">\n\t\t\t\t\t\t\t\t\t\t\t\t\t\t\t\t\t\tExposants artisans\t\t\t\t\t\t\t\t<\/div>\n\t\t\t\t\t\t\t\t\t\t\t\t\t\t\t<div class=\"elementor-gallery-item__description\">\n\t\t\t\t\t\t\t\t\t\t\t\t\t\t\t\t\t\tVisiter la foire avec des enfants\t\t\t\t\t\t\t\t<\/div>\n\t\t\t\t\t\t\t\t\t\t\t\t<\/div>\n\t\t\t\t\t\t\t\t\t<\/a>\n\t\t\t\t\t\t\t<a class=\"e-gallery-item elementor-gallery-item elementor-animated-content\" href=\"https:\/\/www.radiscoverytravel.com\/wp-content\/uploads\/2024\/09\/20240907_184438-scaled.avif\" data-elementor-open-lightbox=\"yes\" data-elementor-lightbox-slideshow=\"0d1da83\" data-elementor-lightbox-title=\"Artisans\" data-elementor-lightbox-description=\"Visiter la foire avec des enfants\" data-e-action-hash=\"#elementor-action%3Aaction%3Dlightbox%26settings%3DeyJpZCI6NjkxNCwidXJsIjoiaHR0cHM6XC9cL3d3dy5yYWRpc2NvdmVyeXRyYXZlbC5jb21cL3dwLWNvbnRlbnRcL3VwbG9hZHNcLzIwMjRcLzA5XC8yMDI0MDkwN18xODQ0Mzgtc2NhbGVkLmF2aWYiLCJzbGlkZXNob3ciOiIwZDFkYTgzIn0%3D\">\n\t\t\t\t\t<div class=\"e-gallery-image elementor-gallery-item__image\" data-thumbnail=\"https:\/\/www.radiscoverytravel.com\/wp-content\/uploads\/2024\/09\/20240907_184438-768x1024.avif\" data-width=\"768\" data-height=\"1024\" aria-label=\"Foire Europ\u00e9enne De Strasbourg\" role=\"img\" ><\/div>\n\t\t\t\t\t\t\t\t\t\t\t<div class=\"elementor-gallery-item__overlay\"><\/div>\n\t\t\t\t\t\t\t\t\t\t\t\t\t\t\t<div class=\"elementor-gallery-item__content\">\n\t\t\t\t\t\t\t\t\t\t\t\t\t\t<div class=\"elementor-gallery-item__title\">\n\t\t\t\t\t\t\t\t\t\t\t\t\t\t\t\t\t\tArtisans\t\t\t\t\t\t\t\t<\/div>\n\t\t\t\t\t\t\t\t\t\t\t\t\t\t\t<div class=\"elementor-gallery-item__description\">\n\t\t\t\t\t\t\t\t\t\t\t\t\t\t\t\t\t\tVisiter la foire avec des enfants\t\t\t\t\t\t\t\t<\/div>\n\t\t\t\t\t\t\t\t\t\t\t\t<\/div>\n\t\t\t\t\t\t\t\t\t<\/a>\n\t\t\t\t\t<\/div>\n\t\t\t\t\t<\/div>\n\t\t\t\t<\/div>\n\t\t\t\t<div class=\"elementor-element elementor-element-208dff0 elementor-widget elementor-widget-heading\" data-id=\"208dff0\" data-element_type=\"widget\" data-e-type=\"widget\" data-widget_type=\"heading.default\">\n\t\t\t\t<div class=\"elementor-widget-container\">\n\t\t\t\t\t<h2 class=\"elementor-heading-title elementor-size-default\">Practical Information<\/h2>\t\t\t\t<\/div>\n\t\t\t\t<\/div>\n\t\t\t\t<div class=\"elementor-element elementor-element-2817863 elementor-widget elementor-widget-text-editor\" data-id=\"2817863\" data-element_type=\"widget\" data-e-type=\"widget\" data-widget_type=\"text-editor.default\">\n\t\t\t\t<div class=\"elementor-widget-container\">\n\t\t\t\t\t\t\t\t\t<p>The European Fair of Strasbourg usually runs for <strong>about ten days<\/strong> in September. For more information on dates, ticket prices, and exhibitors, you can check the event's official website or follow its social media pages. In 2024, the fair is free after 6 pm and on the last day of the event. If you arrive at 6 pm, you\u2019ll still have plenty of time to explore before it closes, and the restaurants stay open later.<\/p><p>If you\u2019re in the region during the fair, don\u2019t hesitate to stop by. It\u2019s a must-see experience for all curious visitors and discovery enthusiasts.<\/p>\t\t\t\t\t\t\t\t<\/div>\n\t\t\t\t<\/div>\n\t\t\t\t<div class=\"elementor-element elementor-element-f3a1c70 elementor-widget elementor-widget-text-editor\" data-id=\"f3a1c70\" data-element_type=\"widget\" data-e-type=\"widget\" data-widget_type=\"text-editor.default\">\n\t\t\t\t<div class=\"elementor-widget-container\">\n\t\t\t\t\t\t\t\t\t<p>Now that you know a bit more about this iconic event in Strasbourg, whether you\u2019re a regular or a first-time visitor, the <strong>European Fair of Strasbourg<\/strong> always has something new to offer. Ready for a visit? And if you need help planning your trip to Strasbourg, don\u2019t hesitate <a href=\"https:\/\/www.radiscoverytravel.com\/en\/mes-services-organisation-voyage-sur-mesure\/contact-travel-planner\/\" target=\"_blank\" rel=\"noopener\">to use<\/a> in <a href=\"https:\/\/www.radiscoverytravel.com\/en\/mes-services-organisation-voyage-sur-mesure\/\" target=\"_blank\" rel=\"noopener\">my services<\/a> of <a href=\"https:\/\/www.radiscoverytravel.com\/en\/mes-services-organisation-voyage-sur-mesure\/travel-planner-balkans\/\" target=\"_blank\" rel=\"noopener\">travel planning expert<\/a>. <\/p>\t\t\t\t\t\t\t\t<\/div>\n\t\t\t\t<\/div>\n\t\t\t\t<div class=\"elementor-element elementor-element-6837b76 elementor-widget elementor-widget-spacer\" data-id=\"6837b76\" data-element_type=\"widget\" data-e-type=\"widget\" data-widget_type=\"spacer.default\">\n\t\t\t\t<div class=\"elementor-widget-container\">\n\t\t\t\t\t\t\t<div class=\"elementor-spacer\">\n\t\t\t<div class=\"elementor-spacer-inner\"><\/div>\n\t\t<\/div>\n\t\t\t\t\t\t<\/div>\n\t\t\t\t<\/div>\n\t\t\t\t\t<\/div>\n\t\t\t\t<\/div>\n\t\t<div class=\"elementor-element elementor-element-f79a256 e-flex e-con-boxed e-con e-parent\" data-id=\"f79a256\" data-element_type=\"container\" data-e-type=\"container\">\n\t\t\t\t\t<div class=\"e-con-inner\">\n\t\t<div class=\"elementor-element elementor-element-a298f65 e-con-full e-flex e-con e-child\" data-id=\"a298f65\" data-element_type=\"container\" data-e-type=\"container\">\n\t\t<div class=\"elementor-element elementor-element-ef3a948 e-con-full e-flex e-con e-child\" data-id=\"ef3a948\" data-element_type=\"container\" data-e-type=\"container\">\n\t\t\t\t<div class=\"elementor-element elementor-element-7d0efd2 elementor-widget elementor-widget-heading\" data-id=\"7d0efd2\" data-element_type=\"widget\" data-e-type=\"widget\" data-widget_type=\"heading.default\">\n\t\t\t\t<div class=\"elementor-widget-container\">\n\t\t\t\t\t<h2 class=\"elementor-heading-title elementor-size-default\">To learn more<\/h2>\t\t\t\t<\/div>\n\t\t\t\t<\/div>\n\t\t\t\t<div class=\"elementor-element elementor-element-4309934 elementor-widget elementor-widget-text-editor\" data-id=\"4309934\" data-element_type=\"widget\" data-e-type=\"widget\" data-widget_type=\"text-editor.default\">\n\t\t\t\t<div class=\"elementor-widget-container\">\n\t\t\t\t\t\t\t\t\t<p>The official website: <a href=\"https:\/\/www.foireurop.com\/fr\">Foire Europeenne<\/a><\/p><p>To learn more about me: <a href=\"https:\/\/www.radiscoverytravel.com\/en\/mes-services-organisation-voyage-sur-mesure\/\" target=\"_blank\" rel=\"noopener\">My travel planning services<\/a><\/p><p>Want to discover Strasbourg? : <a href=\"https:\/\/www.radiscoverytravel.com\/en\/mes-services-organisation-voyage-sur-mesure\/travel-planner-balkans\/decouvrez-strasbourg-telechargez-votre-guide-maintenant\/\" target=\"_blank\" rel=\"noopener\">Download my free guide<\/a><\/p><p>Need more ? : <a href=\"https:\/\/www.radiscoverytravel.com\/en\/mes-services-organisation-voyage-sur-mesure\/blog-travel-planner\/\" target=\"_blank\" rel=\"noopener\">Take a look at my travel blog<\/a><\/p>\t\t\t\t\t\t\t\t<\/div>\n\t\t\t\t<\/div>\n\t\t\t\t<div class=\"elementor-element elementor-element-9ffc9f9 elementor-shape-rounded elementor-grid-0 e-grid-align-center elementor-widget elementor-widget-social-icons\" data-id=\"9ffc9f9\" data-element_type=\"widget\" data-e-type=\"widget\" data-widget_type=\"social-icons.default\">\n\t\t\t\t<div class=\"elementor-widget-container\">\n\t\t\t\t\t\t\t<div class=\"elementor-social-icons-wrapper elementor-grid\" role=\"list\">\n\t\t\t\t\t\t\t<span class=\"elementor-grid-item\" role=\"listitem\">\n\t\t\t\t\t<a class=\"elementor-icon elementor-social-icon elementor-social-icon-instagram elementor-repeater-item-4d4f28b\" href=\"https:\/\/www.instagram.com\/radiscovery_travel\/\" target=\"_blank\">\n\t\t\t\t\t\t<span class=\"elementor-screen-only\">Instagram<\/span>\n\t\t\t\t\t\t<svg aria-hidden=\"true\" class=\"e-font-icon-svg e-fab-instagram\" viewbox=\"0 0 448 512\" xmlns=\"http:\/\/www.w3.org\/2000\/svg\"><path d=\"M224.1 141c-63.6 0-114.9 51.3-114.9 114.9s51.3 114.9 114.9 114.9S339 319.5 339 255.9 287.7 141 224.1 141zm0 189.6c-41.1 0-74.7-33.5-74.7-74.7s33.5-74.7 74.7-74.7 74.7 33.5 74.7 74.7-33.6 74.7-74.7 74.7zm146.4-194.3c0 14.9-12 26.8-26.8 26.8-14.9 0-26.8-12-26.8-26.8s12-26.8 26.8-26.8 26.8 12 26.8 26.8zm76.1 27.2c-1.7-35.9-9.9-67.7-36.2-93.9-26.2-26.2-58-34.4-93.9-36.2-37-2.1-147.9-2.1-184.9 0-35.8 1.7-67.6 9.9-93.9 36.1s-34.4 58-36.2 93.9c-2.1 37-2.1 147.9 0 184.9 1.7 35.9 9.9 67.7 36.2 93.9s58 34.4 93.9 36.2c37 2.1 147.9 2.1 184.9 0 35.9-1.7 67.7-9.9 93.9-36.2 26.2-26.2 34.4-58 36.2-93.9 2.1-37 2.1-147.8 0-184.8zM398.8 388c-7.8 19.6-22.9 34.7-42.6 42.6-29.5 11.7-99.5 9-132.1 9s-102.7 2.6-132.1-9c-19.6-7.8-34.7-22.9-42.6-42.6-11.7-29.5-9-99.5-9-132.1s-2.6-102.7 9-132.1c7.8-19.6 22.9-34.7 42.6-42.6 29.5-11.7 99.5-9 132.1-9s102.7-2.6 132.1 9c19.6 7.8 34.7 22.9 42.6 42.6 11.7 29.5 9 99.5 9 132.1s2.7 102.7-9 132.1z\"><\/path><\/svg>\t\t\t\t\t<\/a>\n\t\t\t\t<\/span>\n\t\t\t\t\t\t\t<span class=\"elementor-grid-item\" role=\"listitem\">\n\t\t\t\t\t<a class=\"elementor-icon elementor-social-icon elementor-social-icon-facebook elementor-repeater-item-e3fe5ec\" href=\"https:\/\/www.facebook.com\/search\/top?q=radiscovery%20travel\" target=\"_blank\">\n\t\t\t\t\t\t<span class=\"elementor-screen-only\">Facebook<\/span>\n\t\t\t\t\t\t<svg aria-hidden=\"true\" class=\"e-font-icon-svg e-fab-facebook\" viewbox=\"0 0 512 512\" xmlns=\"http:\/\/www.w3.org\/2000\/svg\"><path d=\"M504 256C504 119 393 8 256 8S8 119 8 256c0 123.78 90.69 226.38 209.25 245V327.69h-63V256h63v-54.64c0-62.15 37-96.48 93.67-96.48 27.14 0 55.52 4.84 55.52 4.84v61h-31.28c-30.8 0-40.41 19.12-40.41 38.73V256h68.78l-11 71.69h-57.78V501C413.31 482.38 504 379.78 504 256z\"><\/path><\/svg>\t\t\t\t\t<\/a>\n\t\t\t\t<\/span>\n\t\t\t\t\t\t\t<span class=\"elementor-grid-item\" role=\"listitem\">\n\t\t\t\t\t<a class=\"elementor-icon elementor-social-icon elementor-social-icon-linkedin elementor-repeater-item-46f475e\" href=\"https:\/\/www.linkedin.com\/company\/radiscovery-travel\/\" target=\"_blank\">\n\t\t\t\t\t\t<span class=\"elementor-screen-only\">Linkedin<\/span>\n\t\t\t\t\t\t<svg aria-hidden=\"true\" class=\"e-font-icon-svg e-fab-linkedin\" viewbox=\"0 0 448 512\" xmlns=\"http:\/\/www.w3.org\/2000\/svg\"><path d=\"M416 32H31.9C14.3 32 0 46.5 0 64.3v383.4C0 465.5 14.3 480 31.9 480H416c17.6 0 32-14.5 32-32.3V64.3c0-17.8-14.4-32.3-32-32.3zM135.4 416H69V202.2h66.5V416zm-33.2-243c-21.3 0-38.5-17.3-38.5-38.5S80.9 96 102.2 96c21.2 0 38.5 17.3 38.5 38.5 0 21.3-17.2 38.5-38.5 38.5zm282.1 243h-66.4V312c0-24.8-.5-56.7-34.5-56.7-34.6 0-39.9 27-39.9 54.9V416h-66.4V202.2h63.7v29.2h.9c8.9-16.8 30.6-34.5 62.9-34.5 67.2 0 79.7 44.3 79.7 101.9V416z\"><\/path><\/svg>\t\t\t\t\t<\/a>\n\t\t\t\t<\/span>\n\t\t\t\t\t\t\t<span class=\"elementor-grid-item\" role=\"listitem\">\n\t\t\t\t\t<a class=\"elementor-icon elementor-social-icon elementor-social-icon-pinterest elementor-repeater-item-141fdb4\" href=\"https:\/\/www.pinterest.fr\/radiscoverytravel\/\" target=\"_blank\">\n\t\t\t\t\t\t<span class=\"elementor-screen-only\">Pinterest<\/span>\n\t\t\t\t\t\t<svg aria-hidden=\"true\" class=\"e-font-icon-svg e-fab-pinterest\" viewbox=\"0 0 496 512\" xmlns=\"http:\/\/www.w3.org\/2000\/svg\"><path d=\"M496 256c0 137-111 248-248 248-25.6 0-50.2-3.9-73.4-11.1 10.1-16.5 25.2-43.5 30.8-65 3-11.6 15.4-59 15.4-59 8.1 15.4 31.7 28.5 56.8 28.5 74.8 0 128.7-68.8 128.7-154.3 0-81.9-66.9-143.2-152.9-143.2-107 0-163.9 71.8-163.9 150.1 0 36.4 19.4 81.7 50.3 96.1 4.7 2.2 7.2 1.2 8.3-3.3.8-3.4 5-20.3 6.9-28.1.6-2.5.3-4.7-1.7-7.1-10.1-12.5-18.3-35.3-18.3-56.6 0-54.7 41.4-107.6 112-107.6 60.9 0 103.6 41.5 103.6 100.9 0 67.1-33.9 113.6-78 113.6-24.3 0-42.6-20.1-36.7-44.8 7-29.5 20.5-61.3 20.5-82.6 0-19-10.2-34.9-31.4-34.9-24.9 0-44.9 25.7-44.9 60.2 0 22 7.4 36.8 7.4 36.8s-24.5 103.8-29 123.2c-5 21.4-3 51.6-.9 71.2C65.4 450.9 0 361.1 0 256 0 119 111 8 248 8s248 111 248 248z\"><\/path><\/svg>\t\t\t\t\t<\/a>\n\t\t\t\t<\/span>\n\t\t\t\t\t<\/div>\n\t\t\t\t\t\t<\/div>\n\t\t\t\t<\/div>\n\t\t\t\t<div class=\"elementor-element elementor-element-75a14d0 elementor-widget elementor-widget-heading\" data-id=\"75a14d0\" data-element_type=\"widget\" data-e-type=\"widget\" data-widget_type=\"heading.default\">\n\t\t\t\t<div class=\"elementor-widget-container\">\n\t\t\t\t\t<h2 class=\"elementor-heading-title elementor-size-default\">You have any questions? <\/h2>\t\t\t\t<\/div>\n\t\t\t\t<\/div>\n\t\t\t\t<div class=\"elementor-element elementor-element-26094e5 elementor-align-center elementor-widget elementor-widget-button\" data-id=\"26094e5\" data-element_type=\"widget\" data-e-type=\"widget\" data-widget_type=\"button.default\">\n\t\t\t\t<div class=\"elementor-widget-container\">\n\t\t\t\t\t\t\t\t\t<div class=\"elementor-button-wrapper\">\n\t\t\t\t\t<a class=\"elementor-button elementor-button-link elementor-size-sm\" href=\"https:\/\/www.radiscoverytravel.com\/en\/mes-services-organisation-voyage-sur-mesure\/contact-travel-planner\/\">\n\t\t\t\t\t\t<span class=\"elementor-button-content-wrapper\">\n\t\t\t\t\t\t\t\t\t<span class=\"elementor-button-text\">Click here<\/span>\n\t\t\t\t\t<\/span>\n\t\t\t\t\t<\/a>\n\t\t\t\t<\/div>\n\t\t\t\t\t\t\t\t<\/div>\n\t\t\t\t<\/div>\n\t\t\t\t<\/div>\n\t\t\t\t<\/div>\n\t\t\t\t\t<\/div>\n\t\t\t\t<\/div>\n\t\t\t\t<\/div>","protected":false},"excerpt":{"rendered":"<p>Every year in September, Strasbourg hosts a must-see event for locals and visitors from far beyond: the European Fair of Strasbourg. If you're curious to discover one of Europe's largest commercial events, this article is for you. With over 1,000 exhibitors, the fair attracts more than 200,000 visitors annually. It's a unique event not to miss if you're in the region.<\/p>","protected":false},"author":1,"featured_media":6900,"comment_status":"open","ping_status":"closed","sticky":false,"template":"","format":"standard","meta":{"_monsterinsights_skip_tracking":false,"_monsterinsights_sitenote_active":false,"_monsterinsights_sitenote_note":"","_monsterinsights_sitenote_category":0,"footnotes":""},"categories":[18,52],"tags":[53,54,51],"class_list":["post-6898","post","type-post","status-publish","format-standard","has-post-thumbnail","hentry","category-blog-de-voyage","category-blog-strasbourg","tag-france","tag-idee-activite","tag-strasbourg"],"yoast_head":"<!-- This site is optimized with the Yoast SEO Premium plugin v25.2 (Yoast SEO v27.5) - https:\/\/yoast.com\/product\/yoast-seo-premium-wordpress\/ -->\n<title>Foire Europ\u00e9enne de Strasbourg: entre tradition et modernit\u00e9 - radiscoverytravel<\/title>\n<meta name=\"description\" content=\"D\u00e9couvrez les attractions incontournables de la Foire Europ\u00e9enne de Strasbourg et profitez d&#039;une exp\u00e9rience unique en famille ou entre amis.\" \/>\n<meta name=\"robots\" content=\"index, follow, max-snippet:-1, max-image-preview:large, max-video-preview:-1\" \/>\n<link rel=\"canonical\" href=\"https:\/\/www.radiscoverytravel.com\/en\/2024\/09\/10\/comment-profiter-au-maximum-de-la-foire-europeenne-de-strasbourg\/\" \/>\n<meta property=\"og:locale\" content=\"en_US\" \/>\n<meta property=\"og:type\" content=\"article\" \/>\n<meta property=\"og:title\" content=\"Comment profiter au maximum de la Foire Europ\u00e9enne de Strasbourg\" \/>\n<meta property=\"og:description\" content=\"D\u00e9couvrez les attractions incontournables de la Foire Europ\u00e9enne de Strasbourg et profitez d&#039;une exp\u00e9rience unique en famille ou entre amis.\" \/>\n<meta property=\"og:url\" content=\"https:\/\/www.radiscoverytravel.com\/en\/2024\/09\/10\/comment-profiter-au-maximum-de-la-foire-europeenne-de-strasbourg\/\" \/>\n<meta property=\"og:site_name\" content=\"radiscoverytravel\" \/>\n<meta property=\"article:published_time\" content=\"2024-09-10T12:06:15+00:00\" \/>\n<meta property=\"article:modified_time\" content=\"2024-11-08T07:26:29+00:00\" \/>\n<meta property=\"og:image\" content=\"https:\/\/www.radiscoverytravel.com\/wp-content\/uploads\/2024\/09\/20240907_185054-scaled-e1725967031286.avif\" \/>\n\t<meta property=\"og:image:width\" content=\"1920\" \/>\n\t<meta property=\"og:image:height\" content=\"1476\" \/>\n\t<meta property=\"og:image:type\" content=\"image\/jpeg\" \/>\n<meta name=\"author\" content=\"radiscovery\" \/>\n<meta name=\"twitter:card\" content=\"summary_large_image\" \/>\n<meta name=\"twitter:label1\" content=\"Written by\" \/>\n\t<meta name=\"twitter:data1\" content=\"radiscovery\" \/>\n\t<meta name=\"twitter:label2\" content=\"Est. reading time\" \/>\n\t<meta name=\"twitter:data2\" content=\"10 minutes\" \/>\n<script type=\"application\/ld+json\" class=\"yoast-schema-graph\">{\"@context\":\"https:\\\/\\\/schema.org\",\"@graph\":[{\"@type\":\"Article\",\"@id\":\"https:\\\/\\\/www.radiscoverytravel.com\\\/2024\\\/09\\\/10\\\/comment-profiter-au-maximum-de-la-foire-europeenne-de-strasbourg\\\/#article\",\"isPartOf\":{\"@id\":\"https:\\\/\\\/www.radiscoverytravel.com\\\/2024\\\/09\\\/10\\\/comment-profiter-au-maximum-de-la-foire-europeenne-de-strasbourg\\\/\"},\"author\":{\"name\":\"radiscovery\",\"@id\":\"https:\\\/\\\/www.radiscoverytravel.com\\\/#\\\/schema\\\/person\\\/439483beeecdb65cb590e4edbc489df2\"},\"headline\":\"Comment profiter au maximum de la Foire Europ\u00e9enne de Strasbourg\",\"datePublished\":\"2024-09-10T12:06:15+00:00\",\"dateModified\":\"2024-11-08T07:26:29+00:00\",\"mainEntityOfPage\":{\"@id\":\"https:\\\/\\\/www.radiscoverytravel.com\\\/2024\\\/09\\\/10\\\/comment-profiter-au-maximum-de-la-foire-europeenne-de-strasbourg\\\/\"},\"wordCount\":1868,\"commentCount\":0,\"publisher\":{\"@id\":\"https:\\\/\\\/www.radiscoverytravel.com\\\/#organization\"},\"image\":{\"@id\":\"https:\\\/\\\/www.radiscoverytravel.com\\\/2024\\\/09\\\/10\\\/comment-profiter-au-maximum-de-la-foire-europeenne-de-strasbourg\\\/#primaryimage\"},\"thumbnailUrl\":\"https:\\\/\\\/www.radiscoverytravel.com\\\/wp-content\\\/uploads\\\/2024\\\/09\\\/20240907_185054-scaled-e1725967031286.avif\",\"keywords\":[\"France\",\"Id\u00e9e activit\u00e9\",\"Strasbourg\"],\"articleSection\":[\"Blog de voyage\",\"Strasbourg\"],\"inLanguage\":\"en-US\",\"potentialAction\":[{\"@type\":\"CommentAction\",\"name\":\"Comment\",\"target\":[\"https:\\\/\\\/www.radiscoverytravel.com\\\/2024\\\/09\\\/10\\\/comment-profiter-au-maximum-de-la-foire-europeenne-de-strasbourg\\\/#respond\"]}]},{\"@type\":\"WebPage\",\"@id\":\"https:\\\/\\\/www.radiscoverytravel.com\\\/2024\\\/09\\\/10\\\/comment-profiter-au-maximum-de-la-foire-europeenne-de-strasbourg\\\/\",\"url\":\"https:\\\/\\\/www.radiscoverytravel.com\\\/2024\\\/09\\\/10\\\/comment-profiter-au-maximum-de-la-foire-europeenne-de-strasbourg\\\/\",\"name\":\"Foire Europ\u00e9enne de Strasbourg: entre tradition et modernit\u00e9 - radiscoverytravel\",\"isPartOf\":{\"@id\":\"https:\\\/\\\/www.radiscoverytravel.com\\\/#website\"},\"primaryImageOfPage\":{\"@id\":\"https:\\\/\\\/www.radiscoverytravel.com\\\/2024\\\/09\\\/10\\\/comment-profiter-au-maximum-de-la-foire-europeenne-de-strasbourg\\\/#primaryimage\"},\"image\":{\"@id\":\"https:\\\/\\\/www.radiscoverytravel.com\\\/2024\\\/09\\\/10\\\/comment-profiter-au-maximum-de-la-foire-europeenne-de-strasbourg\\\/#primaryimage\"},\"thumbnailUrl\":\"https:\\\/\\\/www.radiscoverytravel.com\\\/wp-content\\\/uploads\\\/2024\\\/09\\\/20240907_185054-scaled-e1725967031286.avif\",\"datePublished\":\"2024-09-10T12:06:15+00:00\",\"dateModified\":\"2024-11-08T07:26:29+00:00\",\"description\":\"D\u00e9couvrez les attractions incontournables de la Foire Europ\u00e9enne de Strasbourg et profitez d'une exp\u00e9rience unique en famille ou entre amis.\",\"breadcrumb\":{\"@id\":\"https:\\\/\\\/www.radiscoverytravel.com\\\/2024\\\/09\\\/10\\\/comment-profiter-au-maximum-de-la-foire-europeenne-de-strasbourg\\\/#breadcrumb\"},\"inLanguage\":\"en-US\",\"potentialAction\":[{\"@type\":\"ReadAction\",\"target\":[\"https:\\\/\\\/www.radiscoverytravel.com\\\/2024\\\/09\\\/10\\\/comment-profiter-au-maximum-de-la-foire-europeenne-de-strasbourg\\\/\"]}]},{\"@type\":\"ImageObject\",\"inLanguage\":\"en-US\",\"@id\":\"https:\\\/\\\/www.radiscoverytravel.com\\\/2024\\\/09\\\/10\\\/comment-profiter-au-maximum-de-la-foire-europeenne-de-strasbourg\\\/#primaryimage\",\"url\":\"https:\\\/\\\/www.radiscoverytravel.com\\\/wp-content\\\/uploads\\\/2024\\\/09\\\/20240907_185054-scaled-e1725967031286.avif\",\"contentUrl\":\"https:\\\/\\\/www.radiscoverytravel.com\\\/wp-content\\\/uploads\\\/2024\\\/09\\\/20240907_185054-scaled-e1725967031286.avif\",\"width\":1920,\"height\":1476,\"caption\":\"Exposition au coeur de Strasbourg\"},{\"@type\":\"BreadcrumbList\",\"@id\":\"https:\\\/\\\/www.radiscoverytravel.com\\\/2024\\\/09\\\/10\\\/comment-profiter-au-maximum-de-la-foire-europeenne-de-strasbourg\\\/#breadcrumb\",\"itemListElement\":[{\"@type\":\"ListItem\",\"position\":1,\"name\":\"Accueil\",\"item\":\"https:\\\/\\\/www.radiscoverytravel.com\\\/\"},{\"@type\":\"ListItem\",\"position\":2,\"name\":\"Blog de voyage\",\"item\":\"https:\\\/\\\/www.radiscoverytravel.com\\\/category\\\/blog-de-voyage\\\/\"},{\"@type\":\"ListItem\",\"position\":3,\"name\":\"Strasbourg\",\"item\":\"https:\\\/\\\/www.radiscoverytravel.com\\\/category\\\/blog-de-voyage\\\/blog-strasbourg\\\/\"},{\"@type\":\"ListItem\",\"position\":4,\"name\":\"Comment profiter au maximum de la Foire Europ\u00e9enne de Strasbourg\"}]},{\"@type\":\"WebSite\",\"@id\":\"https:\\\/\\\/www.radiscoverytravel.com\\\/#website\",\"url\":\"https:\\\/\\\/www.radiscoverytravel.com\\\/\",\"name\":\"radiscoverytravel\",\"description\":\"Travel Planner - voyages sur mesure\",\"publisher\":{\"@id\":\"https:\\\/\\\/www.radiscoverytravel.com\\\/#organization\"},\"potentialAction\":[{\"@type\":\"SearchAction\",\"target\":{\"@type\":\"EntryPoint\",\"urlTemplate\":\"https:\\\/\\\/www.radiscoverytravel.com\\\/?s={search_term_string}\"},\"query-input\":{\"@type\":\"PropertyValueSpecification\",\"valueRequired\":true,\"valueName\":\"search_term_string\"}}],\"inLanguage\":\"en-US\"},{\"@type\":\"Organization\",\"@id\":\"https:\\\/\\\/www.radiscoverytravel.com\\\/#organization\",\"name\":\"radiscoverytravel\",\"url\":\"https:\\\/\\\/www.radiscoverytravel.com\\\/\",\"logo\":{\"@type\":\"ImageObject\",\"inLanguage\":\"en-US\",\"@id\":\"https:\\\/\\\/www.radiscoverytravel.com\\\/#\\\/schema\\\/logo\\\/image\\\/\",\"url\":\"https:\\\/\\\/www.radiscoverytravel.com\\\/wp-content\\\/uploads\\\/2024\\\/01\\\/Logo-Radiscovery.png\",\"contentUrl\":\"https:\\\/\\\/www.radiscoverytravel.com\\\/wp-content\\\/uploads\\\/2024\\\/01\\\/Logo-Radiscovery.png\",\"width\":500,\"height\":500,\"caption\":\"radiscoverytravel\"},\"image\":{\"@id\":\"https:\\\/\\\/www.radiscoverytravel.com\\\/#\\\/schema\\\/logo\\\/image\\\/\"},\"sameAs\":[\"https:\\\/\\\/www.instagram.com\\\/radiscovery_travel\\\/\",\"https:\\\/\\\/www.linkedin.com\\\/in\\\/radipetr\\\/\",\"https:\\\/\\\/www.pinterest.fr\\\/radiscoverytravel\\\/\",\"https:\\\/\\\/www.facebook.com\\\/profile.php?id=61556249132282&locale=fr_FR\"]},{\"@type\":\"Person\",\"@id\":\"https:\\\/\\\/www.radiscoverytravel.com\\\/#\\\/schema\\\/person\\\/439483beeecdb65cb590e4edbc489df2\",\"name\":\"radiscovery\",\"image\":{\"@type\":\"ImageObject\",\"inLanguage\":\"en-US\",\"@id\":\"https:\\\/\\\/secure.gravatar.com\\\/avatar\\\/2d0af2e4e9a746382aa706e7c1b156e1eb665c10fdb167048ec8fd34e390379b?s=96&d=mm&r=g21004946d57f13cb671551a653a5a6ea\",\"url\":\"https:\\\/\\\/secure.gravatar.com\\\/avatar\\\/2d0af2e4e9a746382aa706e7c1b156e1eb665c10fdb167048ec8fd34e390379b?s=96&d=mm&r=g\",\"contentUrl\":\"https:\\\/\\\/secure.gravatar.com\\\/avatar\\\/2d0af2e4e9a746382aa706e7c1b156e1eb665c10fdb167048ec8fd34e390379b?s=96&d=mm&r=g\",\"caption\":\"radiscovery\"},\"sameAs\":[\"https:\\\/\\\/www.radiscoverytravel.com\"]}]}<\/script>\n<!-- \/ Yoast SEO Premium plugin. -->","yoast_head_json":{"title":"Foire Europ\u00e9enne de Strasbourg: entre tradition et modernit\u00e9 - radiscoverytravel","description":"D\u00e9couvrez les attractions incontournables de la Foire Europ\u00e9enne de Strasbourg et profitez d'une exp\u00e9rience unique en famille ou entre amis.","robots":{"index":"index","follow":"follow","max-snippet":"max-snippet:-1","max-image-preview":"max-image-preview:large","max-video-preview":"max-video-preview:-1"},"canonical":"https:\/\/www.radiscoverytravel.com\/en\/2024\/09\/10\/comment-profiter-au-maximum-de-la-foire-europeenne-de-strasbourg\/","og_locale":"en_US","og_type":"article","og_title":"Comment profiter au maximum de la Foire Europ\u00e9enne de Strasbourg","og_description":"D\u00e9couvrez les attractions incontournables de la Foire Europ\u00e9enne de Strasbourg et profitez d'une exp\u00e9rience unique en famille ou entre amis.","og_url":"https:\/\/www.radiscoverytravel.com\/en\/2024\/09\/10\/comment-profiter-au-maximum-de-la-foire-europeenne-de-strasbourg\/","og_site_name":"radiscoverytravel","article_published_time":"2024-09-10T12:06:15+00:00","article_modified_time":"2024-11-08T07:26:29+00:00","og_image":[{"width":1920,"height":1476,"url":"https:\/\/www.radiscoverytravel.com\/wp-content\/uploads\/2024\/09\/20240907_185054-scaled-e1725967031286.avif","type":"image\/jpeg"}],"author":"radiscovery","twitter_card":"summary_large_image","twitter_misc":{"Written by":"radiscovery","Est. reading time":"10 minutes"},"schema":{"@context":"https:\/\/schema.org","@graph":[{"@type":"Article","@id":"https:\/\/www.radiscoverytravel.com\/2024\/09\/10\/comment-profiter-au-maximum-de-la-foire-europeenne-de-strasbourg\/#article","isPartOf":{"@id":"https:\/\/www.radiscoverytravel.com\/2024\/09\/10\/comment-profiter-au-maximum-de-la-foire-europeenne-de-strasbourg\/"},"author":{"name":"radiscovery","@id":"https:\/\/www.radiscoverytravel.com\/#\/schema\/person\/439483beeecdb65cb590e4edbc489df2"},"headline":"Comment profiter au maximum de la Foire Europ\u00e9enne de Strasbourg","datePublished":"2024-09-10T12:06:15+00:00","dateModified":"2024-11-08T07:26:29+00:00","mainEntityOfPage":{"@id":"https:\/\/www.radiscoverytravel.com\/2024\/09\/10\/comment-profiter-au-maximum-de-la-foire-europeenne-de-strasbourg\/"},"wordCount":1868,"commentCount":0,"publisher":{"@id":"https:\/\/www.radiscoverytravel.com\/#organization"},"image":{"@id":"https:\/\/www.radiscoverytravel.com\/2024\/09\/10\/comment-profiter-au-maximum-de-la-foire-europeenne-de-strasbourg\/#primaryimage"},"thumbnailUrl":"https:\/\/www.radiscoverytravel.com\/wp-content\/uploads\/2024\/09\/20240907_185054-scaled-e1725967031286.avif","keywords":["France","Id\u00e9e activit\u00e9","Strasbourg"],"articleSection":["Blog de voyage","Strasbourg"],"inLanguage":"en-US","potentialAction":[{"@type":"CommentAction","name":"Comment","target":["https:\/\/www.radiscoverytravel.com\/2024\/09\/10\/comment-profiter-au-maximum-de-la-foire-europeenne-de-strasbourg\/#respond"]}]},{"@type":"WebPage","@id":"https:\/\/www.radiscoverytravel.com\/2024\/09\/10\/comment-profiter-au-maximum-de-la-foire-europeenne-de-strasbourg\/","url":"https:\/\/www.radiscoverytravel.com\/2024\/09\/10\/comment-profiter-au-maximum-de-la-foire-europeenne-de-strasbourg\/","name":"Foire Europ\u00e9enne de Strasbourg: entre tradition et modernit\u00e9 - radiscoverytravel","isPartOf":{"@id":"https:\/\/www.radiscoverytravel.com\/#website"},"primaryImageOfPage":{"@id":"https:\/\/www.radiscoverytravel.com\/2024\/09\/10\/comment-profiter-au-maximum-de-la-foire-europeenne-de-strasbourg\/#primaryimage"},"image":{"@id":"https:\/\/www.radiscoverytravel.com\/2024\/09\/10\/comment-profiter-au-maximum-de-la-foire-europeenne-de-strasbourg\/#primaryimage"},"thumbnailUrl":"https:\/\/www.radiscoverytravel.com\/wp-content\/uploads\/2024\/09\/20240907_185054-scaled-e1725967031286.avif","datePublished":"2024-09-10T12:06:15+00:00","dateModified":"2024-11-08T07:26:29+00:00","description":"D\u00e9couvrez les attractions incontournables de la Foire Europ\u00e9enne de Strasbourg et profitez d'une exp\u00e9rience unique en famille ou entre amis.","breadcrumb":{"@id":"https:\/\/www.radiscoverytravel.com\/2024\/09\/10\/comment-profiter-au-maximum-de-la-foire-europeenne-de-strasbourg\/#breadcrumb"},"inLanguage":"en-US","potentialAction":[{"@type":"ReadAction","target":["https:\/\/www.radiscoverytravel.com\/2024\/09\/10\/comment-profiter-au-maximum-de-la-foire-europeenne-de-strasbourg\/"]}]},{"@type":"ImageObject","inLanguage":"en-US","@id":"https:\/\/www.radiscoverytravel.com\/2024\/09\/10\/comment-profiter-au-maximum-de-la-foire-europeenne-de-strasbourg\/#primaryimage","url":"https:\/\/www.radiscoverytravel.com\/wp-content\/uploads\/2024\/09\/20240907_185054-scaled-e1725967031286.avif","contentUrl":"https:\/\/www.radiscoverytravel.com\/wp-content\/uploads\/2024\/09\/20240907_185054-scaled-e1725967031286.avif","width":1920,"height":1476,"caption":"Exposition au coeur de Strasbourg"},{"@type":"BreadcrumbList","@id":"https:\/\/www.radiscoverytravel.com\/2024\/09\/10\/comment-profiter-au-maximum-de-la-foire-europeenne-de-strasbourg\/#breadcrumb","itemListElement":[{"@type":"ListItem","position":1,"name":"Accueil","item":"https:\/\/www.radiscoverytravel.com\/"},{"@type":"ListItem","position":2,"name":"Blog de voyage","item":"https:\/\/www.radiscoverytravel.com\/category\/blog-de-voyage\/"},{"@type":"ListItem","position":3,"name":"Strasbourg","item":"https:\/\/www.radiscoverytravel.com\/category\/blog-de-voyage\/blog-strasbourg\/"},{"@type":"ListItem","position":4,"name":"Comment profiter au maximum de la Foire Europ\u00e9enne de Strasbourg"}]},{"@type":"WebSite","@id":"https:\/\/www.radiscoverytravel.com\/#website","url":"https:\/\/www.radiscoverytravel.com\/","name":"radiscoverytravel","description":"Travel Planner - voyages sur mesure","publisher":{"@id":"https:\/\/www.radiscoverytravel.com\/#organization"},"potentialAction":[{"@type":"SearchAction","target":{"@type":"EntryPoint","urlTemplate":"https:\/\/www.radiscoverytravel.com\/?s={search_term_string}"},"query-input":{"@type":"PropertyValueSpecification","valueRequired":true,"valueName":"search_term_string"}}],"inLanguage":"en-US"},{"@type":"Organization","@id":"https:\/\/www.radiscoverytravel.com\/#organization","name":"radiscoverytravel","url":"https:\/\/www.radiscoverytravel.com\/","logo":{"@type":"ImageObject","inLanguage":"en-US","@id":"https:\/\/www.radiscoverytravel.com\/#\/schema\/logo\/image\/","url":"https:\/\/www.radiscoverytravel.com\/wp-content\/uploads\/2024\/01\/Logo-Radiscovery.png","contentUrl":"https:\/\/www.radiscoverytravel.com\/wp-content\/uploads\/2024\/01\/Logo-Radiscovery.png","width":500,"height":500,"caption":"radiscoverytravel"},"image":{"@id":"https:\/\/www.radiscoverytravel.com\/#\/schema\/logo\/image\/"},"sameAs":["https:\/\/www.instagram.com\/radiscovery_travel\/","https:\/\/www.linkedin.com\/in\/radipetr\/","https:\/\/www.pinterest.fr\/radiscoverytravel\/","https:\/\/www.facebook.com\/profile.php?id=61556249132282&locale=fr_FR"]},{"@type":"Person","@id":"https:\/\/www.radiscoverytravel.com\/#\/schema\/person\/439483beeecdb65cb590e4edbc489df2","name":"radiscovery","image":{"@type":"ImageObject","inLanguage":"en-US","@id":"https:\/\/secure.gravatar.com\/avatar\/2d0af2e4e9a746382aa706e7c1b156e1eb665c10fdb167048ec8fd34e390379b?s=96&d=mm&r=g21004946d57f13cb671551a653a5a6ea","url":"https:\/\/secure.gravatar.com\/avatar\/2d0af2e4e9a746382aa706e7c1b156e1eb665c10fdb167048ec8fd34e390379b?s=96&d=mm&r=g","contentUrl":"https:\/\/secure.gravatar.com\/avatar\/2d0af2e4e9a746382aa706e7c1b156e1eb665c10fdb167048ec8fd34e390379b?s=96&d=mm&r=g","caption":"radiscovery"},"sameAs":["https:\/\/www.radiscoverytravel.com"]}]}},"jetpack_featured_media_url":"https:\/\/www.radiscoverytravel.com\/wp-content\/uploads\/2024\/09\/20240907_185054-scaled-e1725967031286.avif","authors":[],"_links":{"self":[{"href":"https:\/\/www.radiscoverytravel.com\/en\/wp-json\/wp\/v2\/posts\/6898","targetHints":{"allow":["GET"]}}],"collection":[{"href":"https:\/\/www.radiscoverytravel.com\/en\/wp-json\/wp\/v2\/posts"}],"about":[{"href":"https:\/\/www.radiscoverytravel.com\/en\/wp-json\/wp\/v2\/types\/post"}],"author":[{"embeddable":true,"href":"https:\/\/www.radiscoverytravel.com\/en\/wp-json\/wp\/v2\/users\/1"}],"replies":[{"embeddable":true,"href":"https:\/\/www.radiscoverytravel.com\/en\/wp-json\/wp\/v2\/comments?post=6898"}],"version-history":[{"count":35,"href":"https:\/\/www.radiscoverytravel.com\/en\/wp-json\/wp\/v2\/posts\/6898\/revisions"}],"predecessor-version":[{"id":7984,"href":"https:\/\/www.radiscoverytravel.com\/en\/wp-json\/wp\/v2\/posts\/6898\/revisions\/7984"}],"wp:featuredmedia":[{"embeddable":true,"href":"https:\/\/www.radiscoverytravel.com\/en\/wp-json\/wp\/v2\/media\/6900"}],"wp:attachment":[{"href":"https:\/\/www.radiscoverytravel.com\/en\/wp-json\/wp\/v2\/media?parent=6898"}],"wp:term":[{"taxonomy":"category","embeddable":true,"href":"https:\/\/www.radiscoverytravel.com\/en\/wp-json\/wp\/v2\/categories?post=6898"},{"taxonomy":"post_tag","embeddable":true,"href":"https:\/\/www.radiscoverytravel.com\/en\/wp-json\/wp\/v2\/tags?post=6898"}],"curies":[{"name":"wp","href":"https:\/\/api.w.org\/{rel}","templated":true}]}}